{"id":218239,"date":"2025-07-21T14:52:14","date_gmt":"2025-07-21T17:52:14","guid":{"rendered":"https:\/\/corrientesdetarde.com\/?p=218239"},"modified":"2025-07-21T14:52:19","modified_gmt":"2025-07-21T17:52:19","slug":"mas-transformacion-de-la-ciudad-tassano-y-valdes-inauguraron-obras-en-populosos-barrios","status":"publish","type":"post","link":"https:\/\/corrientesdetarde.com\/index.php\/sociales\/mas-transformacion-de-la-ciudad-tassano-y-valdes-inauguraron-obras-en-populosos-barrios\/","title":{"rendered":"M\u00e1s transformaci\u00f3n de la ciudad: Tassano y Vald\u00e9s inauguraron obras en populosos barrios"},"content":{"rendered":"\n<p><em>Primero, habilitaron en el Sargento Cabral 26 cuadras de cord\u00f3n cuneta y luego una serie de mejoras integrales realizadas en una plaza importante para los vecinos de las Mil Viviendas. \u201cEs una labor conjunta de Provincia-Municipio que transform\u00f3 la ciudad y hoy est\u00e1n dadas todas las condiciones para que contin\u00fae\u201d, acentu\u00f3 el intendente.<\/em><\/p>\n\n\n\n<p>En la ma\u00f1ana de este lunes, el intendente Eduardo Tassano y el gobernador Gustavo Vald\u00e9s, acompa\u00f1ados por el ministro de Obras P\u00fablicas y candidato a intendente de la ciudad Claudio Polich, encabezaron sendos actos de inauguraci\u00f3n de obras en la Capital. De esta manera, acentuaron&nbsp;el trabajo conjunto que desarrollaron en los \u00faltimos siete a\u00f1os y medio Provincia-Municipio en la transformaci\u00f3n de Corrientes. A la vez, ratificaron el compromiso con los vecinos de continuar en las pr\u00f3ximas gestiones con esta labor mancomunado, considerada una reparaci\u00f3n hist\u00f3rica con la ciudad.<\/p>\n\n\n\n<p>\u201cEs una labor conjunta que transform\u00f3 la ciudad y hoy est\u00e1n dadas todas las condiciones para que contin\u00fae\u201d, subray\u00f3 en la ocasi\u00f3n Tassano.<br>Vald\u00e9s tambi\u00e9n se expres\u00f3 en este sentido, revalorizando el trabajo mancomunado entre Provincia y Municipio \u201cpara cambiar la calidad de vida de los vecinos\u201d, dijo para luego exhortar: \u201cHay que seguir haci\u00e9ndolo\u201d.<br>\u201cEsto es lo que quiere la ciudadan\u00eda: que trabajemos juntos inaugurando obras y no perdiendo tiempo en discusiones\u201d, acentu\u00f3 tambi\u00e9n el intendente.<\/p>\n\n\n\n<p>MEJORA EN LAS CALLES<br>En principio, las autoridades habilitaron 26 cuadras de cord\u00f3n cuneta en el barrio Sargento Cabral, una obra que cambi\u00f3 no solo la transitabilidad en la zona, sino tambi\u00e9n ofreci\u00f3 un considerable aporte en salubridad, al eliminarse las zanjas con agua estancada.<br>En total se intervino en 4.032 metros lineales y se construyeron 20 sumideros para un \u00f3ptimo drenaje del agua de lluvia, y un pluvial de m\u00e1s de 165 metros lineales.<br>Adem\u00e1s, se colocaron un total de 230 luminarias led, aportando mejor luminosidad, pero tambi\u00e9n mayor seguridad de la zona.<br>Al acto llevado a cabo en calles Ayolas y R\u00edo Negro, asistieron adem\u00e1s el viceintendente Emilio Lanari, dem\u00e1s funcionarios municipales y provinciales, como el ministro de Obras P\u00fablicas, Claudio Polich, concejales y vecinos en general.<\/p>\n\n\n\n<p>PLAZA, A NUEVA<br>Posteriormente, Tassano, Vald\u00e9s y la comitiva de funcionarios inauguraron mejoras integrales en la plaza ubicada en calle Bariloche y avenida Paisand\u00fa, en el populoso barrio Mil Viviendas, conocida como \u201cde Boca Unidos\u201d o &#8220;Rub\u00e9n Dar\u00edo Casco&#8221;.<br>En el lugar se realiz\u00f3 la restauraci\u00f3n de p\u00e9rgola, iluminaci\u00f3n led, se coloc\u00f3 piso de caucho, juegos y multijuego para ni\u00f1os y ni\u00f1as, cestos de basura, bancos, vereda, calistenia, una garita y se hicieron rampas y una cancha de tejo.<br>\u201cEste es un hermoso lugar y lo revalorizamos de manera integral, porque, como dicen los vecinos, es su patio donde vienen a disfrutar en familia el espacio com\u00fan\u201d, destac\u00f3 el intendente tras la inauguraci\u00f3n de las obras.<br>Asimismo, record\u00f3 que \u201cse intervinieron todos los espacios p\u00fablicos en el centro y los distintos barrios de la ciudad, con una revalorizaci\u00f3n profunda y completa\u201d.<br>Finalmente, Tassano agradeci\u00f3 \u201clas muestras de cari\u00f1o y afecto que los vecinos nos brindaron en ambos actos y en cada recorrida que hacemos por la ciudad\u201d, indic\u00f3.<\/p>\n\n\n\n<figure class=\"wp-block-embed is-type-video is-provider-youtube wp-block-embed-youtube wp-embed-aspect-16-9 wp-has-aspect-ratio\"><div class=\"wp-block-embed__wrapper\">\n<iframe loading=\"lazy\" title=\"M\u00e1s transformaci\u00f3n de la ciudad: Tassano y Vald\u00e9s inauguraron obras en populosos barrios\" width=\"1110\" height=\"624\" src=\"https:\/\/www.youtube.com\/embed\/TPDjmQGOuF0?feature=oembed\" frameborder=\"0\" allow=\"accelerometer; autoplay; clipboard-write; encrypted-media; gyroscope; picture-in-picture; web-share\" referrerpolicy=\"strict-origin-when-cross-origin\" allowfullscreen><\/iframe>\n<\/div><\/figure>\n\n\n\n<figure class=\"wp-block-image size-large\"><img loading=\"lazy\" decoding=\"async\" width=\"1024\" height=\"682\" src=\"https:\/\/corrientesdetarde.com\/wp-content\/uploads\/2025\/07\/image-635-1024x682.png\" alt=\"\" class=\"wp-image-218240\" srcset=\"https:\/\/corrientesdetarde.com\/wp-content\/uploads\/2025\/07\/image-635-1024x682.png 1024w, https:\/\/corrientesdetarde.com\/wp-content\/uploads\/2025\/07\/image-635-300x200.png 300w, https:\/\/corrientesdetarde.com\/wp-content\/uploads\/2025\/07\/image-635-768x512.png 768w, https:\/\/corrientesdetarde.com\/wp-content\/uploads\/2025\/07\/image-635.png 1280w\" sizes=\"auto, (max-width: 1024px) 100vw, 1024px\" \/><\/figure>\n\n\n\n<figure class=\"wp-block-image size-large\"><img loading=\"lazy\" decoding=\"async\" width=\"1024\" height=\"682\" src=\"https:\/\/corrientesdetarde.com\/wp-content\/uploads\/2025\/07\/image-636-1024x682.png\" alt=\"\" class=\"wp-image-218241\" srcset=\"https:\/\/corrientesdetarde.com\/wp-content\/uploads\/2025\/07\/image-636-1024x682.png 1024w, https:\/\/corrientesdetarde.com\/wp-content\/uploads\/2025\/07\/image-636-300x200.png 300w, https:\/\/corrientesdetarde.com\/wp-content\/uploads\/2025\/07\/image-636-768x512.png 768w, https:\/\/corrientesdetarde.com\/wp-content\/uploads\/2025\/07\/image-636.png 1280w\" sizes=\"auto, (max-width: 1024px) 100vw, 1024px\" \/><\/figure>\n\n\n\n<figure class=\"wp-block-image size-large\"><img loading=\"lazy\" decoding=\"async\" width=\"1024\" height=\"682\" src=\"https:\/\/corrientesdetarde.com\/wp-content\/uploads\/2025\/07\/image-637-1024x682.png\" alt=\"\" class=\"wp-image-218242\" srcset=\"https:\/\/corrientesdetarde.com\/wp-content\/uploads\/2025\/07\/image-637-1024x682.png 1024w, https:\/\/corrientesdetarde.com\/wp-content\/uploads\/2025\/07\/image-637-300x200.png 300w, https:\/\/corrientesdetarde.com\/wp-content\/uploads\/2025\/07\/image-637-768x512.png 768w, https:\/\/corrientesdetarde.com\/wp-content\/uploads\/2025\/07\/image-637.png 1280w\" sizes=\"auto, (max-width: 1024px) 100vw, 1024px\" \/><\/figure>\n\n\n\n<figure class=\"wp-block-image size-large\"><img loading=\"lazy\" decoding=\"async\" width=\"1024\" height=\"682\" src=\"https:\/\/corrientesdetarde.com\/wp-content\/uploads\/2025\/07\/image-638-1024x682.png\" alt=\"\" class=\"wp-image-218243\" srcset=\"https:\/\/corrientesdetarde.com\/wp-content\/uploads\/2025\/07\/image-638-1024x682.png 1024w, https:\/\/corrientesdetarde.com\/wp-content\/uploads\/2025\/07\/image-638-300x200.png 300w, https:\/\/corrientesdetarde.com\/wp-content\/uploads\/2025\/07\/image-638-768x512.png 768w, https:\/\/corrientesdetarde.com\/wp-content\/uploads\/2025\/07\/image-638.png 1280w\" sizes=\"auto, (max-width: 1024px) 100vw, 1024px\" \/><\/figure>\n\n\n\n<figure class=\"wp-block-image size-large\"><img loading=\"lazy\" decoding=\"async\" width=\"1024\" height=\"682\" src=\"https:\/\/corrientesdetarde.com\/wp-content\/uploads\/2025\/07\/image-639-1024x682.png\" alt=\"\" class=\"wp-image-218244\" srcset=\"https:\/\/corrientesdetarde.com\/wp-content\/uploads\/2025\/07\/image-639-1024x682.png 1024w, https:\/\/corrientesdetarde.com\/wp-content\/uploads\/2025\/07\/image-639-300x200.png 300w, https:\/\/corrientesdetarde.com\/wp-content\/uploads\/2025\/07\/image-639-768x512.png 768w, https:\/\/corrientesdetarde.com\/wp-content\/uploads\/2025\/07\/image-639.png 1280w\" sizes=\"auto, (max-width: 1024px) 100vw, 1024px\" \/><\/figure>\n\n\n\n<figure class=\"wp-block-image size-large\"><img loading=\"lazy\" decoding=\"async\" width=\"1024\" height=\"682\" src=\"https:\/\/corrientesdetarde.com\/wp-content\/uploads\/2025\/07\/image-640-1024x682.png\" alt=\"\" class=\"wp-image-218245\" srcset=\"https:\/\/corrientesdetarde.com\/wp-content\/uploads\/2025\/07\/image-640-1024x682.png 1024w, https:\/\/corrientesdetarde.com\/wp-content\/uploads\/2025\/07\/image-640-300x200.png 300w, https:\/\/corrientesdetarde.com\/wp-content\/uploads\/2025\/07\/image-640-768x512.png 768w, https:\/\/corrientesdetarde.com\/wp-content\/uploads\/2025\/07\/image-640.png 1280w\" sizes=\"auto, (max-width: 1024px) 100vw, 1024px\" \/><\/figure>\n\n\n\n<figure class=\"wp-block-image size-large\"><img loading=\"lazy\" decoding=\"async\" width=\"1024\" height=\"682\" src=\"https:\/\/corrientesdetarde.com\/wp-content\/uploads\/2025\/07\/image-641-1024x682.png\" alt=\"\" class=\"wp-image-218246\" srcset=\"https:\/\/corrientesdetarde.com\/wp-content\/uploads\/2025\/07\/image-641-1024x682.png 1024w, https:\/\/corrientesdetarde.com\/wp-content\/uploads\/2025\/07\/image-641-300x200.png 300w, https:\/\/corrientesdetarde.com\/wp-content\/uploads\/2025\/07\/image-641-768x512.png 768w, https:\/\/corrientesdetarde.com\/wp-content\/uploads\/2025\/07\/image-641.png 1280w\" sizes=\"auto, (max-width: 1024px) 100vw, 1024px\" \/><\/figure>\n\n\n\n<figure class=\"wp-block-image size-large\"><img loading=\"lazy\" decoding=\"async\" width=\"1024\" height=\"682\" src=\"https:\/\/corrientesdetarde.com\/wp-content\/uploads\/2025\/07\/image-642-1024x682.png\" alt=\"\" class=\"wp-image-218247\" srcset=\"https:\/\/corrientesdetarde.com\/wp-content\/uploads\/2025\/07\/image-642-1024x682.png 1024w, https:\/\/corrientesdetarde.com\/wp-content\/uploads\/2025\/07\/image-642-300x200.png 300w, https:\/\/corrientesdetarde.com\/wp-content\/uploads\/2025\/07\/image-642-768x512.png 768w, https:\/\/corrientesdetarde.com\/wp-content\/uploads\/2025\/07\/image-642.png 1280w\" sizes=\"auto, (max-width: 1024px) 100vw, 1024px\" \/><\/figure>\n\n\n\n<figure class=\"wp-block-image size-large\"><img loading=\"lazy\" decoding=\"async\" width=\"1024\" height=\"682\" src=\"https:\/\/corrientesdetarde.com\/wp-content\/uploads\/2025\/07\/image-643-1024x682.png\" alt=\"\" class=\"wp-image-218248\" srcset=\"https:\/\/corrientesdetarde.com\/wp-content\/uploads\/2025\/07\/image-643-1024x682.png 1024w, https:\/\/corrientesdetarde.com\/wp-content\/uploads\/2025\/07\/image-643-300x200.png 300w, https:\/\/corrientesdetarde.com\/wp-content\/uploads\/2025\/07\/image-643-768x512.png 768w, https:\/\/corrientesdetarde.com\/wp-content\/uploads\/2025\/07\/image-643.png 1280w\" sizes=\"auto, (max-width: 1024px) 100vw, 1024px\" \/><\/figure>\n","protected":false},"excerpt":{"rendered":"<p>Primero, habilitaron en el Sargento Cabral 26 cuadras de cord\u00f3n cuneta y luego una serie de mejoras integrales realizadas en una plaza importante para los vecinos de las Mil Viviendas.&hellip; <\/p>\n","protected":false},"author":8,"featured_media":218241,"comment_status":"closed","ping_status":"open","sticky":false,"template":"","format":"standard","meta":{"footnotes":""},"categories":[17],"tags":[],"class_list":["post-218239","post","type-post","status-publish","format-standard","has-post-thumbnail","hentry","category-sociales"],"_links":{"self":[{"href":"https:\/\/corrientesdetarde.com\/index.php\/wp-json\/wp\/v2\/posts\/218239","targetHints":{"allow":["GET"]}}],"collection":[{"href":"https:\/\/corrientesdetarde.com\/index.php\/wp-json\/wp\/v2\/posts"}],"about":[{"href":"https:\/\/corrientesdetarde.com\/index.php\/wp-json\/wp\/v2\/types\/post"}],"author":[{"embeddable":true,"href":"https:\/\/corrientesdetarde.com\/index.php\/wp-json\/wp\/v2\/users\/8"}],"replies":[{"embeddable":true,"href":"https:\/\/corrientesdetarde.com\/index.php\/wp-json\/wp\/v2\/comments?post=218239"}],"version-history":[{"count":1,"href":"https:\/\/corrientesdetarde.com\/index.php\/wp-json\/wp\/v2\/posts\/218239\/revisions"}],"predecessor-version":[{"id":218249,"href":"https:\/\/corrientesdetarde.com\/index.php\/wp-json\/wp\/v2\/posts\/218239\/revisions\/218249"}],"wp:featuredmedia":[{"embeddable":true,"href":"https:\/\/corrientesdetarde.com\/index.php\/wp-json\/wp\/v2\/media\/218241"}],"wp:attachment":[{"href":"https:\/\/corrientesdetarde.com\/index.php\/wp-json\/wp\/v2\/media?parent=218239"}],"wp:term":[{"taxonomy":"category","embeddable":true,"href":"https:\/\/corrientesdetarde.com\/index.php\/wp-json\/wp\/v2\/categories?post=218239"},{"taxonomy":"post_tag","embeddable":true,"href":"https:\/\/corrientesdetarde.com\/index.php\/wp-json\/wp\/v2\/tags?post=218239"}],"curies":[{"name":"wp","href":"https:\/\/api.w.org\/{rel}","templated":true}]}}