{"id":218253,"date":"2025-07-21T15:07:52","date_gmt":"2025-07-21T18:07:52","guid":{"rendered":"https:\/\/corrientesdetarde.com\/?p=218253"},"modified":"2025-07-21T15:07:55","modified_gmt":"2025-07-21T18:07:55","slug":"boca-va-con-todo-cavani-paredes-y-delgado-en-el-equipo-que-probo-russo-para-la-copa-argentina","status":"publish","type":"post","link":"https:\/\/corrientesdetarde.com\/index.php\/deportes\/boca-va-con-todo-cavani-paredes-y-delgado-en-el-equipo-que-probo-russo-para-la-copa-argentina\/","title":{"rendered":"Boca va con todo: Cavani, Paredes y Delgado, en el equipo que prob\u00f3 Russo para la Copa Argentina"},"content":{"rendered":"\n<p>El DT eval\u00faa hacer modificaciones respecto al once titular que igual\u00f3 ante Uni\u00f3n en la Bombonera por el Torneo Clausura.<\/p>\n\n\n\n<p><strong>Boca<\/strong>\u00a0y\u00a0<strong>Atl\u00e9tico Tucum\u00e1n<\/strong>\u00a0jugar\u00e1n el pr\u00f3ximo mi\u00e9rcoles a las 21:10 por los 16avos de final de la Copa Argentina. Para este partido,\u00a0<strong>Miguel \u00c1ngel Russo\u00a0<\/strong>eval\u00faa hacer modificaciones respecto al equipo que igual\u00f3 ante Uni\u00f3n en la Bombonera por el Torneo Clausura.<\/p>\n\n\n\n<p>La mala noticia para el DT es que&nbsp;<strong>Ayrton Costa y Nicol\u00e1s Figal contin\u00faan entrenando de manera diferenciada<\/strong>&nbsp;y no jugar\u00edan ante el conjunto tucumano en Santiago del Estero.<\/p>\n\n\n\n<p>Debido a esto,&nbsp;<strong>Lautaro Di Lollo y Marco Pellegrino seguir\u00e1n siendo la dupla central<\/strong>&nbsp;del conjunto de la Ribera.<\/p>\n\n\n\n<figure class=\"wp-block-image\"><img decoding=\"async\" src=\"https:\/\/tn.com.ar\/resizer\/v2\/el-dt-probo-con-cavani-paredes-y-delgado-para-jugar-ante-atletico-tucuman-por-la-copa-argentina-foto-fotobaires-JUTOOHG4WRAQ3PSZTBRZH3CMBI.jpg?auth=eb2ebca0bd359c86439423087e220e3ef826f9c77474461c9468da3ab5a6fedf&amp;width=767\" alt=\"El DT prob\u00f3 con Cavani, Paredes y Delgado para jugar ante Atl\u00e9tico Tucum\u00e1n por la Copa Argentina. (Foto: Fotobaires)\"\/><\/figure>\n\n\n\n<h2 class=\"wp-block-heading\">El equipo que par\u00f3 Miguel \u00c1ngel Russo para jugar ante Atl\u00e9tico Tucum\u00e1n por la Copa Argentina<\/h2>\n\n\n\n<p>El equipo de Boca ante Atl\u00e9tico Tucum\u00e1n ser\u00eda: Agust\u00edn Marches\u00edn; Luis Adv\u00edncula, Lautaro Di Lollo, Marco Pellegrino, Lautaro Blanco; Williams Alarc\u00f3n o Leandro Paredes, Rodrigo Battaglia o Milton Delgado; Alan Velasco, Carlos Palacios, Malcom Braida; Edinson Cavani o Miguel Merentiel.<\/p>\n\n\n\n<h2 class=\"wp-block-heading\">Cu\u00e1ndo juega Boca contra Atl\u00e9tico Tucum\u00e1n por la Copa Argentina<\/h2>\n\n\n\n<ul class=\"wp-block-list\">\n<li><strong>Boca y Atl\u00e9tico Tucum\u00e1n jugar\u00e1n el pr\u00f3ximo mi\u00e9rcoles a las 21.10<\/strong>\u00a0(hora de la Argentina) por los 16avos de final.<\/li>\n<\/ul>\n\n\n\n<h2 class=\"wp-block-heading\">C\u00f3mo ver el partido de Boca por la Copa Argentina<\/h2>\n\n\n\n<ul class=\"wp-block-list\">\n<li>El partido de Boca ante Atl\u00e9tico Tucum\u00e1n por la Copa Argentina se podr\u00e1 ver por la pantalla de\u00a0<em>TyC Sports<\/em>.<\/li>\n<\/ul>\n","protected":false},"excerpt":{"rendered":"<p>El DT eval\u00faa hacer modificaciones respecto al once titular que igual\u00f3 ante Uni\u00f3n en la Bombonera por el Torneo Clausura. Boca\u00a0y\u00a0Atl\u00e9tico Tucum\u00e1n\u00a0jugar\u00e1n el pr\u00f3ximo mi\u00e9rcoles a las 21:10 por los&hellip; <\/p>\n","protected":false},"author":8,"featured_media":218254,"comment_status":"closed","ping_status":"open","sticky":false,"template":"","format":"standard","meta":{"footnotes":""},"categories":[4],"tags":[],"class_list":["post-218253","post","type-post","status-publish","format-standard","has-post-thumbnail","hentry","category-deportes"],"_links":{"self":[{"href":"https:\/\/corrientesdetarde.com\/index.php\/wp-json\/wp\/v2\/posts\/218253","targetHints":{"allow":["GET"]}}],"collection":[{"href":"https:\/\/corrientesdetarde.com\/index.php\/wp-json\/wp\/v2\/posts"}],"about":[{"href":"https:\/\/corrientesdetarde.com\/index.php\/wp-json\/wp\/v2\/types\/post"}],"author":[{"embeddable":true,"href":"https:\/\/corrientesdetarde.com\/index.php\/wp-json\/wp\/v2\/users\/8"}],"replies":[{"embeddable":true,"href":"https:\/\/corrientesdetarde.com\/index.php\/wp-json\/wp\/v2\/comments?post=218253"}],"version-history":[{"count":1,"href":"https:\/\/corrientesdetarde.com\/index.php\/wp-json\/wp\/v2\/posts\/218253\/revisions"}],"predecessor-version":[{"id":218255,"href":"https:\/\/corrientesdetarde.com\/index.php\/wp-json\/wp\/v2\/posts\/218253\/revisions\/218255"}],"wp:featuredmedia":[{"embeddable":true,"href":"https:\/\/corrientesdetarde.com\/index.php\/wp-json\/wp\/v2\/media\/218254"}],"wp:attachment":[{"href":"https:\/\/corrientesdetarde.com\/index.php\/wp-json\/wp\/v2\/media?parent=218253"}],"wp:term":[{"taxonomy":"category","embeddable":true,"href":"https:\/\/corrientesdetarde.com\/index.php\/wp-json\/wp\/v2\/categories?post=218253"},{"taxonomy":"post_tag","embeddable":true,"href":"https:\/\/corrientesdetarde.com\/index.php\/wp-json\/wp\/v2\/tags?post=218253"}],"curies":[{"name":"wp","href":"https:\/\/api.w.org\/{rel}","templated":true}]}}