{"id":218259,"date":"2025-07-21T15:28:04","date_gmt":"2025-07-21T18:28:04","guid":{"rendered":"https:\/\/corrientesdetarde.com\/?p=218259"},"modified":"2025-07-21T15:28:17","modified_gmt":"2025-07-21T18:28:17","slug":"israel-lanzo-una-nueva-ofensiva-terrestre-en-gaza-mientras-25-paises-pidieron-poner-fin-a-la-guerra","status":"publish","type":"post","link":"https:\/\/corrientesdetarde.com\/index.php\/internacionales\/israel-lanzo-una-nueva-ofensiva-terrestre-en-gaza-mientras-25-paises-pidieron-poner-fin-a-la-guerra\/","title":{"rendered":"Israel lanz\u00f3 una nueva ofensiva terrestre en Gaza, mientras 25 pa\u00edses pidieron poner fin a la guerra"},"content":{"rendered":"\n<p>El Ministerio del Exterior israel\u00ed rechaz\u00f3 la declaraci\u00f3n conjunta y responsabiliz\u00f3 a Hamas por el conflicto.<\/p>\n\n\n\n<p>El ej\u00e9rcito israel\u00ed lanz\u00f3 este lunes&nbsp;<strong>una ofensiva terrestre<\/strong>&nbsp;en el centro de la Franja de Gaza, en coincidencia con el llamado conjunto de 25 pa\u00edses que pidieron&nbsp;<strong>poner fin a la guerra<\/strong>&nbsp;en el territorio palestino.<\/p>\n\n\n\n<p>\u201c<strong>La guerra en Gaza debe cesar inmediatamente<\/strong>\u201d, escribieron en un comunicado los ministros de Relaciones Exteriores de 25 naciones, entre ellas el Reino Unido, Espa\u00f1a, Italia, Portugal, Canad\u00e1 y Francia.<\/p>\n\n\n\n<p>Los ministros consideraron que \u201cel sufrimiento de los civiles en Gaza ha alcanzado nuevos niveles\u201d y denunciaron \u201cel rechazo del gobierno israel\u00ed a proporcionar asistencia humanitaria esencial a la poblaci\u00f3n civil\u201d.<\/p>\n\n\n\n<h2 class=\"wp-block-heading\">Israel lanza una nueva ofensiva en Gaza<\/h2>\n\n\n\n<p>La Defensa Civil de Gaza y testigos informaron de&nbsp;<strong>disparos de artiller\u00eda en Deir al Balah,<\/strong>&nbsp;donde Israel anunci\u00f3 el lunes que ampliar\u00eda sus operaciones militares.<\/p>\n\n\n\n<p>El ej\u00e9rcito indic\u00f3 que operar\u00eda incluso \u201cen una zona donde nunca hab\u00eda intervenido antes\u201d durante su guerra contra el movimiento islamista palestino Hamas. Adem\u00e1s, pidi\u00f3 a los habitantes abandonar el lugar.<\/p>\n\n\n\n<figure class=\"wp-block-image\"><img decoding=\"async\" src=\"https:\/\/tn.com.ar\/resizer\/v2\/israel-ataca-la-localidad-de-deir-al-balah-en-el-centro-de-la-franja-de-gaza-foto-reutershatem-khaled-DB3PGTXU36FJRJKFA2RN675XUI.jpg?auth=16cc6c45269a882cd3b579e7117537659cc10a025e38d9897d9ab78a2eeeb24b&amp;width=767\" alt=\"Israel ataca la localidad de Deir Al-Balah, en el centro de la Franja de Gaza (Foto: REUTERS\/Hatem Khaled)\"\/><\/figure>\n\n\n\n<p>Seg\u00fan la Oficina de Coordinaci\u00f3n de Asuntos Humanitarios de las Naciones Unidas (OCHA), entre 50.000 y 80.000 personas se encontraban en la zona.<\/p>\n\n\n\n<p>Familias enteras comenzaron a desplazarse, cargando sus pertenencias o en carretas tiradas por burros hacia el sur.<strong>\u00a0\u201cDurante la noche escuchamos fuertes explosiones\u201d<\/strong>, relat\u00f3 Abdal\u00e1 Abu Slim, un habitante de 48 a\u00f1os.<\/p>\n\n\n\n<p>\u201cTememos que el ej\u00e9rcito israel\u00ed prepare una operaci\u00f3n terrestre en Deir al Balah y en los campamentos del centro de la Franja de Gaza, donde se hacinan cientos de miles de desplazados\u201d, agreg\u00f3.<\/p>\n\n\n\n<p><strong>Mai Elawawda<\/strong>, responsable de comunicaci\u00f3n en Gaza para la ONG brit\u00e1nica Medical Aid for Palestinians, calific\u00f3 la situaci\u00f3n como \u201cextremadamente cr\u00edtica\u201d.<\/p>\n\n\n\n<h2 class=\"wp-block-heading\">El llamado conjunto de 25 pa\u00edses para detener la guerra<\/h2>\n\n\n\n<p>En tanto, 25 pa\u00edses, entre ellos Reino Unido, Espa\u00f1a, Italia, Portugal, Canad\u00e1 y Francia, pidieron poner fin \u201cinmediatamente\u201d a la guerra en la Franja de Gaza, en una declaraci\u00f3n conjunta publicada el lunes.<\/p>\n\n\n\n<p>\u201cNosotros (&#8230;) nos reunimos para enviar un mensaje simple y urgente:&nbsp;<strong>la guerra en Gaza debe cesar inmediatamente<\/strong>\u201d, escribieron los ministros de Relaciones Exteriores de estos pa\u00edses, para quienes \u201cel sufrimiento de los civiles en Gaza ha alcanzado nuevos niveles\u201d.<\/p>\n\n\n\n<figure class=\"wp-block-image\"><img decoding=\"async\" src=\"https:\/\/tn.com.ar\/resizer\/v2\/palestinos-desplazados-en-khan-younis-en-el-sur-de-la-franja-de-gaza-foto-de-archivo-reutershatem-khaled-FZAAFSGGTEYHUTFNBT3QIDWRE4.jpg?auth=c503d38bc8c751560581908d0e411c170071c4d57d03e82cc2b6ad51a53aadc8&amp;width=767\" alt=\"Palestinos desplazados en Khan Younis, en el sur de la Franja de gaza (Foto de archivo: REUTERS\/Hatem Khaled)\"\/><\/figure>\n\n\n\n<p>Los cerca de dos millones de palestinos asediados por Israel en Gaza est\u00e1n al borde de la hambruna tras m\u00e1s de 21 meses de conflicto, desencadenado por un ataque sin precedentes del movimiento islamista palestino Ham\u00e1s en territorio israel\u00ed el 7 de octubre de 2023.<\/p>\n\n\n\n<p>\u201cEl modelo de distribuci\u00f3n de ayuda establecido por el gobierno israel\u00ed es peligroso, alimenta la inestabilidad y<strong>&nbsp;priva a los gazat\u00edes de su dignidad humana<\/strong>\u201d, dijeron los firmantes, en referencia a la Fundaci\u00f3n Humanitaria de Gaza (GHF), respaldada por Estados Unidos e Israel.<\/p>\n\n\n\n<p>La GHF comenz\u00f3 sus operaciones a finales de mayo, tras un bloqueo humanitario total de m\u00e1s de dos meses impuesto por Israel.<\/p>\n\n\n\n<p>\u201c<strong>Es aterrador que m\u00e1s de 800 palestinos hayan sido asesinados mientras intentaban obtener ayuda<\/strong>\u201d, escribieron tambi\u00e9n los ministros.<\/p>\n\n\n\n<p>Los firmantes tambi\u00e9n exigen la liberaci\u00f3n de los rehenes \u201ccruelmente detenidos\u201d por Hamas. Adem\u00e1s, expresaron su firme oposici\u00f3n a cualquier iniciativa destinada a modificar el territorio o la demograf\u00eda en los territorios palestinos ocupados, y piden el fin de la colonizaci\u00f3n en dichos territorios.<\/p>\n\n\n\n<p>Los pa\u00edses firmantes son: Australia, Austria, B\u00e9lgica, Canad\u00e1, Dinamarca, Eslovenia, Espa\u00f1a, Estonia, Finlandia, Francia, Islandia, Irlanda, Italia, Jap\u00f3n, Letonia, Lituania, Luxemburgo, Pa\u00edses Bajos, Nueva Zelanda, Noruega, Polonia, Portugal, Suecia, Suiza y Reino Unido.<\/p>\n\n\n\n<p>La declaraci\u00f3n tambi\u00e9n fue firmada por la comisaria europea de Igualdad,<strong>&nbsp;Hadja Lahbib<\/strong>.<\/p>\n\n\n\n<h2 class=\"wp-block-heading\">Israel rechaz\u00f3 la nota de los 25 pa\u00edses que pidieron detener la guerra<\/h2>\n\n\n\n<p>Poco despu\u00e9s, Israel rechaz\u00f3 el documento. \u201cTodas las declaraciones y afirmaciones deben dirigirse a la \u00fanica parte responsable de la falta de un acuerdo para la liberaci\u00f3n de rehenes y un alto el fuego: Hamas, que inici\u00f3 esta guerra y la est\u00e1 prolongando\u201d, dijo en un comunicado el Ministerio de Exteriores israel\u00ed.<\/p>\n\n\n\n<p>En el texto, Israel insisti\u00f3 en que \u201cexiste una propuesta concreta para un acuerdo de alto el fuego\u201d -que no incluye el fin definitivo de la ofensiva ni la retirada de las tropas israel\u00edes de Gaza-, la cual ha sido \u201crepetidamente\u201d aceptada por Israel, pero no por Hamas.<\/p>\n\n\n\n<p>\u201cEn estos momentos tan delicados de las negociaciones en curso, es mejor evitar declaraciones de este tipo\u201d, afirm\u00f3 el comunicado.<\/p>\n","protected":false},"excerpt":{"rendered":"<p>El Ministerio del Exterior israel\u00ed rechaz\u00f3 la declaraci\u00f3n conjunta y responsabiliz\u00f3 a Hamas por el conflicto. El ej\u00e9rcito israel\u00ed lanz\u00f3 este lunes&nbsp;una ofensiva terrestre&nbsp;en el centro de la Franja de&hellip; <\/p>\n","protected":false},"author":8,"featured_media":218260,"comment_status":"closed","ping_status":"open","sticky":false,"template":"","format":"standard","meta":{"footnotes":""},"categories":[11],"tags":[],"class_list":["post-218259","post","type-post","status-publish","format-standard","has-post-thumbnail","hentry","category-internacionales"],"_links":{"self":[{"href":"https:\/\/corrientesdetarde.com\/index.php\/wp-json\/wp\/v2\/posts\/218259","targetHints":{"allow":["GET"]}}],"collection":[{"href":"https:\/\/corrientesdetarde.com\/index.php\/wp-json\/wp\/v2\/posts"}],"about":[{"href":"https:\/\/corrientesdetarde.com\/index.php\/wp-json\/wp\/v2\/types\/post"}],"author":[{"embeddable":true,"href":"https:\/\/corrientesdetarde.com\/index.php\/wp-json\/wp\/v2\/users\/8"}],"replies":[{"embeddable":true,"href":"https:\/\/corrientesdetarde.com\/index.php\/wp-json\/wp\/v2\/comments?post=218259"}],"version-history":[{"count":1,"href":"https:\/\/corrientesdetarde.com\/index.php\/wp-json\/wp\/v2\/posts\/218259\/revisions"}],"predecessor-version":[{"id":218261,"href":"https:\/\/corrientesdetarde.com\/index.php\/wp-json\/wp\/v2\/posts\/218259\/revisions\/218261"}],"wp:featuredmedia":[{"embeddable":true,"href":"https:\/\/corrientesdetarde.com\/index.php\/wp-json\/wp\/v2\/media\/218260"}],"wp:attachment":[{"href":"https:\/\/corrientesdetarde.com\/index.php\/wp-json\/wp\/v2\/media?parent=218259"}],"wp:term":[{"taxonomy":"category","embeddable":true,"href":"https:\/\/corrientesdetarde.com\/index.php\/wp-json\/wp\/v2\/categories?post=218259"},{"taxonomy":"post_tag","embeddable":true,"href":"https:\/\/corrientesdetarde.com\/index.php\/wp-json\/wp\/v2\/tags?post=218259"}],"curies":[{"name":"wp","href":"https:\/\/api.w.org\/{rel}","templated":true}]}}