{"id":218338,"date":"2025-07-22T08:37:39","date_gmt":"2025-07-22T11:37:39","guid":{"rendered":"https:\/\/corrientesdetarde.com\/?p=218338"},"modified":"2025-07-22T08:37:43","modified_gmt":"2025-07-22T11:37:43","slug":"un-joven-de-22-anos-se-arrojo-del-puente-general-belgrano","status":"publish","type":"post","link":"https:\/\/corrientesdetarde.com\/index.php\/policiales\/un-joven-de-22-anos-se-arrojo-del-puente-general-belgrano\/","title":{"rendered":"Un joven de 22 a\u00f1os se arroj\u00f3 del puente general Belgrano"},"content":{"rendered":"\n<p>Un joven de 22 a\u00f1os se arroj\u00f3 a las aguas del r\u00edo Paran\u00e1 desde el puente general Belgrano, en horas de la siesta de este lunes. As\u00ed lo inform\u00f3 la Polic\u00eda de Chaco por medio de un comunicado de prensa.\u00a0<\/p>\n\n\n\n<p>El muchacho, quien era oriundo de la ciudad de Corrientes,&nbsp; lleg\u00f3 al lugar en un autom\u00f3vil Volkswagen Voyage negro. Lo dej\u00f3 estacionado, y posteriormente se tir\u00f3 al r\u00edo.&nbsp;<\/p>\n\n\n\n<p>En el lugar se present\u00f3 su madre, de 41 a\u00f1os, quien dijo desconocer los motivos por los cuales su hijo tom\u00f3 la dr\u00e1stica decisi\u00f3n. El joven fue identificado como &nbsp;Alexis Exequiel Villalva .&nbsp;<\/p>\n\n\n\n<p>En tanto, efectivos de Prefectura Nacional Argentina se encuentran buscando el cuerpo del automovilista.<\/p>\n","protected":false},"excerpt":{"rendered":"<p>Un joven de 22 a\u00f1os se arroj\u00f3 a las aguas del r\u00edo Paran\u00e1 desde el puente general Belgrano, en horas de la siesta de este lunes. As\u00ed lo inform\u00f3 la&hellip; <\/p>\n","protected":false},"author":1,"featured_media":218349,"comment_status":"closed","ping_status":"open","sticky":false,"template":"","format":"standard","meta":{"footnotes":""},"categories":[33],"tags":[],"class_list":["post-218338","post","type-post","status-publish","format-standard","has-post-thumbnail","hentry","category-policiales"],"_links":{"self":[{"href":"https:\/\/corrientesdetarde.com\/index.php\/wp-json\/wp\/v2\/posts\/218338","targetHints":{"allow":["GET"]}}],"collection":[{"href":"https:\/\/corrientesdetarde.com\/index.php\/wp-json\/wp\/v2\/posts"}],"about":[{"href":"https:\/\/corrientesdetarde.com\/index.php\/wp-json\/wp\/v2\/types\/post"}],"author":[{"embeddable":true,"href":"https:\/\/corrientesdetarde.com\/index.php\/wp-json\/wp\/v2\/users\/1"}],"replies":[{"embeddable":true,"href":"https:\/\/corrientesdetarde.com\/index.php\/wp-json\/wp\/v2\/comments?post=218338"}],"version-history":[{"count":1,"href":"https:\/\/corrientesdetarde.com\/index.php\/wp-json\/wp\/v2\/posts\/218338\/revisions"}],"predecessor-version":[{"id":218350,"href":"https:\/\/corrientesdetarde.com\/index.php\/wp-json\/wp\/v2\/posts\/218338\/revisions\/218350"}],"wp:featuredmedia":[{"embeddable":true,"href":"https:\/\/corrientesdetarde.com\/index.php\/wp-json\/wp\/v2\/media\/218349"}],"wp:attachment":[{"href":"https:\/\/corrientesdetarde.com\/index.php\/wp-json\/wp\/v2\/media?parent=218338"}],"wp:term":[{"taxonomy":"category","embeddable":true,"href":"https:\/\/corrientesdetarde.com\/index.php\/wp-json\/wp\/v2\/categories?post=218338"},{"taxonomy":"post_tag","embeddable":true,"href":"https:\/\/corrientesdetarde.com\/index.php\/wp-json\/wp\/v2\/tags?post=218338"}],"curies":[{"name":"wp","href":"https:\/\/api.w.org\/{rel}","templated":true}]}}