{"id":218340,"date":"2025-07-22T08:35:01","date_gmt":"2025-07-22T11:35:01","guid":{"rendered":"https:\/\/corrientesdetarde.com\/?p=218340"},"modified":"2025-07-22T08:35:05","modified_gmt":"2025-07-22T11:35:05","slug":"un-hombre-de-92-anos-murio-tras-ser-atropellado-por-una-moto","status":"publish","type":"post","link":"https:\/\/corrientesdetarde.com\/index.php\/policiales\/un-hombre-de-92-anos-murio-tras-ser-atropellado-por-una-moto\/","title":{"rendered":"Un hombre de 92 a\u00f1os muri\u00f3 tras ser atropellado por una moto"},"content":{"rendered":"\n<p>Un hombre de 92 a\u00f1os muri\u00f3 como consecuencia de las lesiones que sufri\u00f3 tras haber sido atropellado por una motocicleta Honda CG Tit\u00e1n.<\/p>\n\n\n\n<p>El siniestro vial se produjo este viernes por la ma\u00f1ana, cerca de las 11:30, en la avenida armenia de esta ciudad, m\u00e1s precisamente sobre las calles Quinquela Mart\u00edn y Ontiveros.&nbsp;<\/p>\n\n\n\n<p>Luego del choque, el peat\u00f3n debi\u00f3 ser trasladado de urgencia hacia el hospital Escuela, en donde lamentablemente se produjo su deceso.&nbsp;<\/p>\n","protected":false},"excerpt":{"rendered":"<p>Un hombre de 92 a\u00f1os muri\u00f3 como consecuencia de las lesiones que sufri\u00f3 tras haber sido atropellado por una motocicleta Honda CG Tit\u00e1n. El siniestro vial se produjo este viernes&hellip; <\/p>\n","protected":false},"author":1,"featured_media":208214,"comment_status":"closed","ping_status":"open","sticky":false,"template":"","format":"standard","meta":{"footnotes":""},"categories":[33],"tags":[],"class_list":["post-218340","post","type-post","status-publish","format-standard","has-post-thumbnail","hentry","category-policiales"],"_links":{"self":[{"href":"https:\/\/corrientesdetarde.com\/index.php\/wp-json\/wp\/v2\/posts\/218340","targetHints":{"allow":["GET"]}}],"collection":[{"href":"https:\/\/corrientesdetarde.com\/index.php\/wp-json\/wp\/v2\/posts"}],"about":[{"href":"https:\/\/corrientesdetarde.com\/index.php\/wp-json\/wp\/v2\/types\/post"}],"author":[{"embeddable":true,"href":"https:\/\/corrientesdetarde.com\/index.php\/wp-json\/wp\/v2\/users\/1"}],"replies":[{"embeddable":true,"href":"https:\/\/corrientesdetarde.com\/index.php\/wp-json\/wp\/v2\/comments?post=218340"}],"version-history":[{"count":1,"href":"https:\/\/corrientesdetarde.com\/index.php\/wp-json\/wp\/v2\/posts\/218340\/revisions"}],"predecessor-version":[{"id":218342,"href":"https:\/\/corrientesdetarde.com\/index.php\/wp-json\/wp\/v2\/posts\/218340\/revisions\/218342"}],"wp:featuredmedia":[{"embeddable":true,"href":"https:\/\/corrientesdetarde.com\/index.php\/wp-json\/wp\/v2\/media\/208214"}],"wp:attachment":[{"href":"https:\/\/corrientesdetarde.com\/index.php\/wp-json\/wp\/v2\/media?parent=218340"}],"wp:term":[{"taxonomy":"category","embeddable":true,"href":"https:\/\/corrientesdetarde.com\/index.php\/wp-json\/wp\/v2\/categories?post=218340"},{"taxonomy":"post_tag","embeddable":true,"href":"https:\/\/corrientesdetarde.com\/index.php\/wp-json\/wp\/v2\/tags?post=218340"}],"curies":[{"name":"wp","href":"https:\/\/api.w.org\/{rel}","templated":true}]}}