{"id":218352,"date":"2025-07-22T08:53:51","date_gmt":"2025-07-22T11:53:51","guid":{"rendered":"https:\/\/corrientesdetarde.com\/?p=218352"},"modified":"2025-07-22T08:53:52","modified_gmt":"2025-07-22T11:53:52","slug":"mas-de-60-equipos-pesqueros-ya-se-anotaron-a-la-fiesta-del-dorado","status":"publish","type":"post","link":"https:\/\/corrientesdetarde.com\/index.php\/eventossociedad\/mas-de-60-equipos-pesqueros-ya-se-anotaron-a-la-fiesta-del-dorado\/","title":{"rendered":"M\u00e1s de 60 equipos pesqueros ya se anotaron a la Fiesta del Dorado"},"content":{"rendered":"\n<p>La 60\u00ba Fiesta Nacional del Dorado se encuentra en el d\u00eda 23 de su cuenta regresiva y ya trascendieron algunos detalles de lo que ser\u00e1 uno de los eventos m\u00e1s grandes de pesca del pa\u00eds. Unos 60 equipos pesqueros ya aprovecharon los precios promocionales para participar del certamen.<\/p>\n\n\n\n<p><\/p>\n\n\n\n<p>Desde el Municipio encaran distintas obras en espacios p\u00fablicos para dejar a la villa tur\u00edstica en condiciones. Esta edici\u00f3n promete ser multitudinaria y superar todos los r\u00e9cords.<\/p>\n\n\n\n<p>El intendente de Paso de la Patria, Guillermo Osnaghi, habl\u00f3 en una entrevista brind\u00f3 detalles de lo que se vivir\u00e1 en la m\u00e1xima fiesta de la pesca embarcada del pa\u00eds. Mientras que el lanzamiento oficial, cuando se conocer\u00e1n todos los detalles, se concretar\u00e1 ma\u00f1ana, a las 11, en el Sal\u00f3n Amarillo de Casa de Gobierno.<\/p>\n\n\n\n<p>El Jefe comunal precis\u00f3 que ser\u00e1 la tercera temporada en que el epicentro ser\u00e1 en la costanera General San Mart\u00edn con un escenario mayor ubicado sobre la calle Misiones, frente a la playa Punta Mitre. La grilla promete grandes sorpresas de los g\u00e9neros m\u00e1s populares que ser\u00e1n revelados en la conferencia de ma\u00f1ana.<\/p>\n\n\n\n<p>&#8220;Para esta edici\u00f3n se agreg\u00f3 una lancha como premio, es decir que tendremos dos sorteos y otra que ser\u00e1 entregada al equipo que consiga la pieza mayor&#8221;, adelant\u00f3 el Intendente. Seg\u00fan precisaron desde la organizaci\u00f3n, la barra que consiga el dorado m\u00e1s grande se llevar\u00e1 una lancha Tecno 520 con motor Yamaha 40 HP de dos tiempos, con tr\u00e1iler y luces. Mientras que a la suerte de someter\u00e1n una lancha Nikita 520 con id\u00e9nticas caracter\u00edsticas que la anterior, y una lancha Pacu 550 con un motor Yamaha de 50 HP y cuatro tiempos.<\/p>\n\n\n<div class=\"wp-block-image\">\n<figure class=\"aligncenter\"><img decoding=\"async\" src=\"https:\/\/www.diarioepoca.com\/content\/bucket\/0\/1439900w380h295c.jpg.webp\" alt=\"\"\/><\/figure>\n<\/div>\n\n\n<p>Osnaghi coment\u00f3 que hasta la fecha unas 60 embarcaciones se han inscripto por un precio especial. &#8220;Todav\u00eda est\u00e1 la oferta de $400.000 o bien por cinco equipos que se inscriben uno no abona. Por ahora mucha gente est\u00e1 aprovechando las promociones&#8221;, ampli\u00f3. Vale recordar que despu\u00e9s del 31 de julio, los pescadores deber\u00e1n pagar $550.000.<\/p>\n\n\n\n<p>En las clasificaciones por equipo, el primer puesto se llevar\u00e1 $5.000.000 y el segundo $4.000.000. En tanto, el tercer lugar se har\u00e1 acreedor de $3.000.000, el cuarto de $2.000.000 y el quinto de $1.000.000.<\/p>\n\n\n\n<p>Una vez m\u00e1s se llevar\u00e1 adelante una caravana con todos los pescadores que participar\u00e1n de la competencia. La misma tendr\u00e1 lugar el 15 de agosto, un d\u00eda antes de iniciar el torneo. Y la cena y premiaci\u00f3n se dar\u00e1 el domingo a la noche.<\/p>\n\n\n\n<h2 class=\"wp-block-heading\">Mejoras en la ciudad<\/h2>\n\n\n\n<p>Osnaghi resalt\u00f3 el recambio del mobiliario urbano, un trabajo en el que se destaca nuevos bancos de madera y cemento con pintura y acabado muy pintoresco. Se trata de dise\u00f1os \u00fanicos en la provincia y que resultan c\u00f3modos y ergon\u00f3micos. &#8220;La plaza Luis Federico Leloir y la Punta Mitre fueron recuperadas&#8221;, resalt\u00f3.<\/p>\n\n\n\n<p>Por \u00faltimo, destac\u00f3 la colocaci\u00f3n de ripio en arterias claves gracias al Gobierno provincial. Las piedras llegar\u00e1n hasta la avenida Prefectura Naval, muy esperadas por los vecinos.<\/p>\n\n\n\n<figure class=\"wp-block-image size-full\"><img loading=\"lazy\" decoding=\"async\" width=\"790\" height=\"443\" src=\"https:\/\/corrientesdetarde.com\/wp-content\/uploads\/2025\/07\/image-663.png\" alt=\"\" class=\"wp-image-218359\" srcset=\"https:\/\/corrientesdetarde.com\/wp-content\/uploads\/2025\/07\/image-663.png 790w, https:\/\/corrientesdetarde.com\/wp-content\/uploads\/2025\/07\/image-663-300x168.png 300w, https:\/\/corrientesdetarde.com\/wp-content\/uploads\/2025\/07\/image-663-768x431.png 768w\" sizes=\"auto, (max-width: 790px) 100vw, 790px\" \/><\/figure>\n\n\n\n<p><\/p>\n","protected":false},"excerpt":{"rendered":"<p>La 60\u00ba Fiesta Nacional del Dorado se encuentra en el d\u00eda 23 de su cuenta regresiva y ya trascendieron algunos detalles de lo que ser\u00e1 uno de los eventos m\u00e1s&hellip; <\/p>\n","protected":false},"author":1,"featured_media":218361,"comment_status":"closed","ping_status":"open","sticky":false,"template":"","format":"standard","meta":{"footnotes":""},"categories":[1208],"tags":[],"class_list":["post-218352","post","type-post","status-publish","format-standard","has-post-thumbnail","hentry","category-eventossociedad"],"_links":{"self":[{"href":"https:\/\/corrientesdetarde.com\/index.php\/wp-json\/wp\/v2\/posts\/218352","targetHints":{"allow":["GET"]}}],"collection":[{"href":"https:\/\/corrientesdetarde.com\/index.php\/wp-json\/wp\/v2\/posts"}],"about":[{"href":"https:\/\/corrientesdetarde.com\/index.php\/wp-json\/wp\/v2\/types\/post"}],"author":[{"embeddable":true,"href":"https:\/\/corrientesdetarde.com\/index.php\/wp-json\/wp\/v2\/users\/1"}],"replies":[{"embeddable":true,"href":"https:\/\/corrientesdetarde.com\/index.php\/wp-json\/wp\/v2\/comments?post=218352"}],"version-history":[{"count":1,"href":"https:\/\/corrientesdetarde.com\/index.php\/wp-json\/wp\/v2\/posts\/218352\/revisions"}],"predecessor-version":[{"id":218362,"href":"https:\/\/corrientesdetarde.com\/index.php\/wp-json\/wp\/v2\/posts\/218352\/revisions\/218362"}],"wp:featuredmedia":[{"embeddable":true,"href":"https:\/\/corrientesdetarde.com\/index.php\/wp-json\/wp\/v2\/media\/218361"}],"wp:attachment":[{"href":"https:\/\/corrientesdetarde.com\/index.php\/wp-json\/wp\/v2\/media?parent=218352"}],"wp:term":[{"taxonomy":"category","embeddable":true,"href":"https:\/\/corrientesdetarde.com\/index.php\/wp-json\/wp\/v2\/categories?post=218352"},{"taxonomy":"post_tag","embeddable":true,"href":"https:\/\/corrientesdetarde.com\/index.php\/wp-json\/wp\/v2\/tags?post=218352"}],"curies":[{"name":"wp","href":"https:\/\/api.w.org\/{rel}","templated":true}]}}