{"id":218424,"date":"2025-07-22T14:38:21","date_gmt":"2025-07-22T17:38:21","guid":{"rendered":"https:\/\/corrientesdetarde.com\/?p=218424"},"modified":"2025-07-22T14:38:25","modified_gmt":"2025-07-22T17:38:25","slug":"tras-la-tension-por-el-cierre-de-listas-kicillof-puso-en-marcha-la-campana-con-un-desafio-a-milei-en-la-provincia-no-entra-la-motosierra","status":"publish","type":"post","link":"https:\/\/corrientesdetarde.com\/index.php\/politica\/tras-la-tension-por-el-cierre-de-listas-kicillof-puso-en-marcha-la-campana-con-un-desafio-a-milei-en-la-provincia-no-entra-la-motosierra\/","title":{"rendered":"Tras la tensi\u00f3n por el cierre de listas, Kicillof puso en marcha la campa\u00f1a con un desaf\u00edo a Milei: &#8220;En la Provincia no entra la motosierra&#8221;"},"content":{"rendered":"\n<p>Tras la tensi\u00f3n por el cierre de listas para las elecciones legislativas provinciales, el gobernador bonaerense,\u00a0<strong>Axel Kicillof,<\/strong>\u00a0puso en marcha la campa\u00f1a con un desaf\u00edo al presidente\u00a0<strong>Javier\u00a0Milei:<\/strong>\u00a0&#8220;En la Provincia<strong>\u00a0no entra la motosierra&#8221;.<\/strong><\/p>\n\n\n\n<p><strong>Sin presencia de candidatos kirchneristas,<\/strong>&nbsp;el gobernador bonaerense encabez\u00f3 un acto en Almirante Brown y pidi\u00f3 &#8220;sumar fuerzas&#8221; para enfrentar a La Libertad Avanza, en medio de las fuertes tensiones internas en el peronismo bonaerense.<\/p>\n\n\n\n<p>Kicillof plante\u00f3:&nbsp;&#8220;Le voy a advertir a Milei que ac\u00e1 en la provincia de Buenos Aires no entra la motosierra y no entra el topo. No nos van a destruir ni la educaci\u00f3n p\u00fablica ni la salud p\u00fablica. No vamos a permitir que dejen afuera del sistema, en la calle, sin nada, a millones de bonaerenses&#8221;.<\/p>\n\n\n\n<p>El gobernador bonaerense acus\u00f3 a Milei de promover &#8220;ideas falsas&#8221;: &#8220;Dice que el Estado no deber\u00eda existir, que es un topo que viene a destruir el Estado, que vino con una motosierra&#8221;.<\/p>\n","protected":false},"excerpt":{"rendered":"<p>Tras la tensi\u00f3n por el cierre de listas para las elecciones legislativas provinciales, el gobernador bonaerense,\u00a0Axel Kicillof,\u00a0puso en marcha la campa\u00f1a con un desaf\u00edo al presidente\u00a0Javier\u00a0Milei:\u00a0&#8220;En la Provincia\u00a0no entra la&hellip; <\/p>\n","protected":false},"author":8,"featured_media":218426,"comment_status":"closed","ping_status":"open","sticky":false,"template":"","format":"standard","meta":{"footnotes":""},"categories":[3],"tags":[],"class_list":["post-218424","post","type-post","status-publish","format-standard","has-post-thumbnail","hentry","category-politica"],"_links":{"self":[{"href":"https:\/\/corrientesdetarde.com\/index.php\/wp-json\/wp\/v2\/posts\/218424","targetHints":{"allow":["GET"]}}],"collection":[{"href":"https:\/\/corrientesdetarde.com\/index.php\/wp-json\/wp\/v2\/posts"}],"about":[{"href":"https:\/\/corrientesdetarde.com\/index.php\/wp-json\/wp\/v2\/types\/post"}],"author":[{"embeddable":true,"href":"https:\/\/corrientesdetarde.com\/index.php\/wp-json\/wp\/v2\/users\/8"}],"replies":[{"embeddable":true,"href":"https:\/\/corrientesdetarde.com\/index.php\/wp-json\/wp\/v2\/comments?post=218424"}],"version-history":[{"count":1,"href":"https:\/\/corrientesdetarde.com\/index.php\/wp-json\/wp\/v2\/posts\/218424\/revisions"}],"predecessor-version":[{"id":218427,"href":"https:\/\/corrientesdetarde.com\/index.php\/wp-json\/wp\/v2\/posts\/218424\/revisions\/218427"}],"wp:featuredmedia":[{"embeddable":true,"href":"https:\/\/corrientesdetarde.com\/index.php\/wp-json\/wp\/v2\/media\/218426"}],"wp:attachment":[{"href":"https:\/\/corrientesdetarde.com\/index.php\/wp-json\/wp\/v2\/media?parent=218424"}],"wp:term":[{"taxonomy":"category","embeddable":true,"href":"https:\/\/corrientesdetarde.com\/index.php\/wp-json\/wp\/v2\/categories?post=218424"},{"taxonomy":"post_tag","embeddable":true,"href":"https:\/\/corrientesdetarde.com\/index.php\/wp-json\/wp\/v2\/tags?post=218424"}],"curies":[{"name":"wp","href":"https:\/\/api.w.org\/{rel}","templated":true}]}}