{"id":218453,"date":"2025-07-22T16:01:02","date_gmt":"2025-07-22T19:01:02","guid":{"rendered":"https:\/\/corrientesdetarde.com\/?p=218453"},"modified":"2025-07-22T16:01:06","modified_gmt":"2025-07-22T19:01:06","slug":"guerra-en-gaza-denuncian-que-21-ninos-murieron-de-desnutricion-o-hambre-en-las-ultimas-72-horas","status":"publish","type":"post","link":"https:\/\/corrientesdetarde.com\/index.php\/internacionales\/guerra-en-gaza-denuncian-que-21-ninos-murieron-de-desnutricion-o-hambre-en-las-ultimas-72-horas\/","title":{"rendered":"Guerra en Gaza: denuncian que 21 ni\u00f1os murieron de desnutrici\u00f3n o hambre en las \u00faltimas 72 horas"},"content":{"rendered":"\n<p>El secretario general de la ONU, Antonio Guterres, dijo que \u201cel nivel de muerte y destrucci\u00f3n no tiene precedentes en la historia reciente\u201d.<\/p>\n\n\n\n<p>Un hospital de Gaza inform\u00f3 este martes que\u00a0<strong>21 ni\u00f1os murieron de desnutrici\u00f3n o hambre<\/strong>\u00a0en las \u00faltimas 72 horas en el enclave palestino, donde\u00a0Israel est\u00e1 expandiendo sus operaciones contra Hamas entre una creciente condena internacional.<\/p>\n\n\n\n<p>Los 2,4 millones de habitantes de Gaza se enfrentan a una grave escasez de alimentos y art\u00edculos de primera necesidad. Adem\u00e1s, para ahondar a\u00fan m\u00e1s la crisis humanitaria, los centros de distribuci\u00f3n de ayuda humanitaria son atacados regularmente.<\/p>\n\n\n\n<p>\u201cVeinti\u00fan ni\u00f1os han muerto debido a la desnutrici\u00f3n y el hambre en diferentes zonas de la Franja de Gaza (&#8230;) durante las \u00faltimas 72 horas\u201d, declar\u00f3&nbsp;<strong>Mohamed Abu Salmiya<\/strong>, director del hospital Al Chifa.<\/p>\n\n\n\n<h2 class=\"wp-block-heading\">Fuerte condena de la ONU<\/h2>\n\n\n\n<p>En tanto, el secretario general de la ONU,&nbsp;<strong>Antonio Guterres<\/strong>, conden\u00f3 el \u201chorror\u201d en Gaza, donde se alcanz\u00f3 \u201c<strong>un nivel de muerte y destrucci\u00f3n sin precedentes en la historia reciente<\/strong>\u201d.<\/p>\n\n\n\n<p>Previamente, el Alto Comisionado de Naciones Unidas para los Derechos Humanos,&nbsp;<strong>Volker T\u00fcrk<\/strong>, acus\u00f3 al ej\u00e9rcito israel\u00ed de matar a 1054 personas que esperaban ayuda desde fines de mayo, 766 de ellas \u201ccerca de las instalaciones de la Fundaci\u00f3n Humanitaria de Gaza (GHF) y 288 cerca de los convoyes de ayuda de la ONU y otras organizaciones humanitarias\u201d.<\/p>\n\n\n\n<figure class=\"wp-block-image\"><img decoding=\"async\" src=\"https:\/\/tn.com.ar\/resizer\/v2\/palestinos-tratan-de-obtener-alimentos-donados-en-una-cocina-comunitaria-en-khan-yunis-en-el-sur-de-la-franja-de-gaza-el-lunes-2-de-junio-de-2025-ap-fotoabdel-kareem-hana-M2WHQ67LIIM25L6DG3H4I3PZIU.jpg?auth=f731a170b62967c754f6c2bdae2df02520f473bd56a5a1784f18e966205f7f1f&amp;width=767\" alt=\"Palestinos tratan de obtener alimentos donados en una cocina comunitaria en Khan Yunis, en el sur de la Franja de Gaza, el lunes 2 de junio de 2025. (AP Foto\/Abdel Kareem Hana)\"\/><\/figure>\n\n\n\n<p>Este martes, la Defensa Civil gazat\u00ed, en manos de Hamas, anunci\u00f3 que ataques atribuidos a Israel mataron a 15 personas, 13 de ellas en el campamento de Al Shati, en el norte de Gaza, que alberga a miles de desplazados.<\/p>\n\n\n\n<p>El organismo tambi\u00e9n inform\u00f3 de la muerte de dos personas en Deir el Balah, en el centro del territorio, donde Israel anunci\u00f3 la expansi\u00f3n de sus operaciones y llam\u00f3 a la poblaci\u00f3n a evacuar.<\/p>\n\n\n\n<p>El ej\u00e9rcito israel\u00ed declar\u00f3 que sus soldados \u201cidentificaron disparos en su direcci\u00f3n, en la zona de Deir el-Balah y respondieron al fuego atacando el origen de los disparos.<\/p>\n\n\n\n<p>Seg\u00fan la Oficina de las Naciones Unidas para la Coordinaci\u00f3n de Asuntos Humanitarios (OCHA), entre 50.000 y 80.000 personas se encontraban en la zona en ese momento. Casi&nbsp;<strong>el 88% de Gaza est\u00e1 hoy bajo orden de evacuaci\u00f3n israel\u00ed o incluida en una zona militarizada israel\u00ed<\/strong>.<\/p>\n\n\n\n<h2 class=\"wp-block-heading\">Crece la presi\u00f3n internacional sobre Israel<\/h2>\n\n\n\n<p>El patriarca latino de Jerusal\u00e9n,&nbsp;<strong>Pierbattista Pizzaballa<\/strong>, dijo que la situaci\u00f3n humanitaria en la Franja de Gaza es \u201c<strong>moralmente inaceptable\u201d<\/strong>, tras visitar el enclave palestino.<\/p>\n\n\n\n<p>\u201cVimos hombres esperar durante horas bajo el sol con la esperanza de hacerse con una simple comida\u201d, agreg\u00f3.<\/p>\n\n\n\n<p>El lunes, 25 pa\u00edses pidieron&nbsp;<strong>poner fin a la guerra<\/strong>&nbsp;en el territorio palestino. \u201c<strong>La guerra en Gaza debe cesar inmediatamente<\/strong>\u201d, escribieron en un comunicado los ministros de Relaciones Exteriores de 25 naciones, entre ellas el Reino Unido, Espa\u00f1a, Italia, Portugal, Canad\u00e1 y Francia.<\/p>\n\n\n\n<p>Los ministros consideraron que \u201cel sufrimiento de los civiles en Gaza ha alcanzado nuevos niveles\u201d y denunciaron \u201cel rechazo del gobierno israel\u00ed a proporcionar asistencia humanitaria esencial a la poblaci\u00f3n civil\u201d.<\/p>\n\n\n\n<p>Los pa\u00edses firmantes son: Australia, Austria, B\u00e9lgica, Canad\u00e1, Dinamarca, Eslovenia, Espa\u00f1a, Estonia, Finlandia, Francia, Islandia, Irlanda, Italia, Jap\u00f3n, Letonia, Lituania, Luxemburgo, Pa\u00edses Bajos, Nueva Zelanda, Noruega, Polonia, Portugal, Suecia, Suiza y Reino Unido.<\/p>\n\n\n\n<p>La declaraci\u00f3n tambi\u00e9n fue firmada por la comisaria europea de Igualdad,<strong>&nbsp;Hadja Lahbib<\/strong>.<\/p>\n","protected":false},"excerpt":{"rendered":"<p>El secretario general de la ONU, Antonio Guterres, dijo que \u201cel nivel de muerte y destrucci\u00f3n no tiene precedentes en la historia reciente\u201d. Un hospital de Gaza inform\u00f3 este martes&hellip; <\/p>\n","protected":false},"author":8,"featured_media":218454,"comment_status":"closed","ping_status":"open","sticky":false,"template":"","format":"standard","meta":{"footnotes":""},"categories":[11],"tags":[],"class_list":["post-218453","post","type-post","status-publish","format-standard","has-post-thumbnail","hentry","category-internacionales"],"_links":{"self":[{"href":"https:\/\/corrientesdetarde.com\/index.php\/wp-json\/wp\/v2\/posts\/218453","targetHints":{"allow":["GET"]}}],"collection":[{"href":"https:\/\/corrientesdetarde.com\/index.php\/wp-json\/wp\/v2\/posts"}],"about":[{"href":"https:\/\/corrientesdetarde.com\/index.php\/wp-json\/wp\/v2\/types\/post"}],"author":[{"embeddable":true,"href":"https:\/\/corrientesdetarde.com\/index.php\/wp-json\/wp\/v2\/users\/8"}],"replies":[{"embeddable":true,"href":"https:\/\/corrientesdetarde.com\/index.php\/wp-json\/wp\/v2\/comments?post=218453"}],"version-history":[{"count":1,"href":"https:\/\/corrientesdetarde.com\/index.php\/wp-json\/wp\/v2\/posts\/218453\/revisions"}],"predecessor-version":[{"id":218455,"href":"https:\/\/corrientesdetarde.com\/index.php\/wp-json\/wp\/v2\/posts\/218453\/revisions\/218455"}],"wp:featuredmedia":[{"embeddable":true,"href":"https:\/\/corrientesdetarde.com\/index.php\/wp-json\/wp\/v2\/media\/218454"}],"wp:attachment":[{"href":"https:\/\/corrientesdetarde.com\/index.php\/wp-json\/wp\/v2\/media?parent=218453"}],"wp:term":[{"taxonomy":"category","embeddable":true,"href":"https:\/\/corrientesdetarde.com\/index.php\/wp-json\/wp\/v2\/categories?post=218453"},{"taxonomy":"post_tag","embeddable":true,"href":"https:\/\/corrientesdetarde.com\/index.php\/wp-json\/wp\/v2\/tags?post=218453"}],"curies":[{"name":"wp","href":"https:\/\/api.w.org\/{rel}","templated":true}]}}