{"id":218456,"date":"2025-07-22T16:03:33","date_gmt":"2025-07-22T19:03:33","guid":{"rendered":"https:\/\/corrientesdetarde.com\/?p=218456"},"modified":"2025-07-22T16:03:45","modified_gmt":"2025-07-22T19:03:45","slug":"la-dura-critica-del-presidente-de-colombia-a-milei-gobierna-con-la-bolsa-de-valores-mas-desvalorizada","status":"publish","type":"post","link":"https:\/\/corrientesdetarde.com\/index.php\/politica\/la-dura-critica-del-presidente-de-colombia-a-milei-gobierna-con-la-bolsa-de-valores-mas-desvalorizada\/","title":{"rendered":"La dura cr\u00edtica del presidente de Colombia a Milei: \u201cGobierna con la bolsa de valores m\u00e1s desvalorizada\u201d"},"content":{"rendered":"\n<p>Gustavo Petro public\u00f3 un mensaje en sus redes y consider\u00f3 que en la regi\u00f3n hay una \u201cparadoja pol\u00edtica\u201d.<\/p>\n\n\n\n<p>El presidente de Colombia,&nbsp;<strong>Gustavo Petro<\/strong>, afirm\u00f3 este martes que existe una \u201cparadoja pol\u00edtica\u201d al comparar el buen desempe\u00f1o burs\u00e1til de Colombia y Chile, gobernados por la izquierda, con el desplome de los mercados en la Argentina bajo el presidente libertario&nbsp;<strong>Javier Milei<\/strong>.<\/p>\n\n\n\n<p>\u201cMientras la Bolsa de Valores de Colombia se valoriza 20% y empata con Chile, en los dos primeros lugares de Latinoam\u00e9rica, la de Argentina cae 20%\u201d, destac\u00f3 el mandatario colombiano en X.<\/p>\n\n\n\n<p>Petro calific\u00f3 estos resultados como una \u201cparadoja pol\u00edtica\u201d, en la que \u201cdos progresistas de izquierda son presidentes de los pa\u00edses donde las bolsas de valores se valorizan m\u00e1s, mientras el presidente de la extrema derecha argentina gobierna con la bolsa de valores m\u00e1s desvalorizada, casi -20%\u201d.<\/p>\n\n\n\n<figure class=\"wp-block-image\"><img decoding=\"async\" src=\"https:\/\/tn.com.ar\/resizer\/v2\/el-posteo-de-gustavo-petro-foto-capturaxpetrogustavo-PTBZQO5VXJHOPA3GUP3ZO665HI.PNG?auth=3b7f9c5664fda11cde9fdb6b8f7c57a360dc595d51551156b35c44c11c74bae0&amp;width=767\" alt=\"El posteo de Gustavo Petro (Foto: Captura\/X\/@petrogustavo)\"\/><\/figure>\n\n\n\n<p>En lo que va de a\u00f1o, la Argentina es el \u00fanico de los principales mercados de Am\u00e9rica Latina que registra p\u00e9rdidas tras el fuerte repunte posterior a las elecciones de 2024, impulsado por el entusiasmo de los inversores ante las pol\u00edticas ultraliberales de Milei.<\/p>\n\n\n\n<p>El Merval, principal indicador burs\u00e1til del pa\u00eds, acumula a la fecha una ca\u00edda del 20,27%.<\/p>\n\n\n\n<h2 class=\"wp-block-heading\">Qu\u00e9 est\u00e1 pasando en el mercado burs\u00e1til colombiano<\/h2>\n\n\n\n<p>Mientras los mercados accionarios globales avanzan con cautela, la Bolsa de Valores de Colombia se posiciona como una de las de mejor desempe\u00f1o entre los pa\u00edses emergentes, tras cerrar el primer semestre del a\u00f1o con una variaci\u00f3n positiva superior al 20%.<\/p>\n\n\n\n<p>A la fecha, el mercado colombiano se ha valorizado m\u00e1s de un 26%. Su principal \u00edndice local, el MSCI Colcap, alcanz\u00f3 los 1742,56 puntos y la expectativa, pese al contexto preelectoral que podr\u00eda aumentar la volatilidad, es que mantenga la tendencia alcista.<\/p>\n\n\n\n<figure class=\"wp-block-image\"><img decoding=\"async\" src=\"https:\/\/tn.com.ar\/resizer\/v2\/gustavo-petro-destaca-el-exito-del-mercado-bursatil-colombiano-foto-reuterspablo-sanhueza-H6CKPVCMU5Z2SECSX7RIO3HXRY.jpg?auth=122991e547181c67c1485d46ddfef826f2b95c73ffef75b6f6dfca3b25502c86&amp;width=767\" alt=\"Gustavo Petro destaca el \u00e9xito del mercado burs\u00e1til colombiano (Foto: REUTERS\/Pablo Sanhueza)\"\/><\/figure>\n\n\n\n<h2 class=\"wp-block-heading\">Los enfrentamientos entre Gustavo Petro y Javier Milei<\/h2>\n\n\n\n<p>Los v\u00ednculos entre Petro y Milei han sido sobrepasados por continuos enfrentamientos.<\/p>\n\n\n\n<p>En enero de 2024, Bogot\u00e1 llam\u00f3 a consultas a su embajador en Buenos Aires luego de que Milei dijera que Petro \u201ces un comunista asesino que est\u00e1 hundiendo\u201d al pa\u00eds.<\/p>\n\n\n\n<p>Tres meses despu\u00e9s, en marzo,\u00a0el Gobierno colombiano orden\u00f3 la expulsi\u00f3n de diplom\u00e1ticos de la Embajada de Argentina\u00a0en Bogot\u00e1, en respuesta a las reiteradas ofensas de Milei a Petro, a quien tild\u00f3 de \u201casesino terrorista\u201d.<\/p>\n\n\n\n<p>Pero el choque m\u00e1s recordado, a juicio de Petro, ocurri\u00f3 en noviembre pasado durante la cumbre del G20 en R\u00edo de Janeiro, Brasil.<\/p>\n\n\n\n<p>En esa ocasi\u00f3n, el mandatario colombiano dijo que tuvo un enfrentamiento con Milei cuando expuso que el trabajo conjunto y no individual era la base para lograr el progreso de los pa\u00edses.<\/p>\n\n\n\n<p>\u201cTrabajo conjunto. Este fue el tema con el que peli\u00e9 (sic) con Milei verbalmente en la reuni\u00f3n de los m\u00e1s grandes y poderosos del G20 que no aparece en ninguna parte de la comunicaci\u00f3n televisiva mundial, ni colombiana\u201d, dijo Petro. El mandatario asegur\u00f3 entonces que el enfrentamiento no se conoci\u00f3 porque la delegaci\u00f3n argentina ocult\u00f3 los videos.<\/p>\n","protected":false},"excerpt":{"rendered":"<p>Gustavo Petro public\u00f3 un mensaje en sus redes y consider\u00f3 que en la regi\u00f3n hay una \u201cparadoja pol\u00edtica\u201d. El presidente de Colombia,&nbsp;Gustavo Petro, afirm\u00f3 este martes que existe una \u201cparadoja&hellip; <\/p>\n","protected":false},"author":8,"featured_media":218457,"comment_status":"closed","ping_status":"open","sticky":false,"template":"","format":"standard","meta":{"footnotes":""},"categories":[3],"tags":[],"class_list":["post-218456","post","type-post","status-publish","format-standard","has-post-thumbnail","hentry","category-politica"],"_links":{"self":[{"href":"https:\/\/corrientesdetarde.com\/index.php\/wp-json\/wp\/v2\/posts\/218456","targetHints":{"allow":["GET"]}}],"collection":[{"href":"https:\/\/corrientesdetarde.com\/index.php\/wp-json\/wp\/v2\/posts"}],"about":[{"href":"https:\/\/corrientesdetarde.com\/index.php\/wp-json\/wp\/v2\/types\/post"}],"author":[{"embeddable":true,"href":"https:\/\/corrientesdetarde.com\/index.php\/wp-json\/wp\/v2\/users\/8"}],"replies":[{"embeddable":true,"href":"https:\/\/corrientesdetarde.com\/index.php\/wp-json\/wp\/v2\/comments?post=218456"}],"version-history":[{"count":1,"href":"https:\/\/corrientesdetarde.com\/index.php\/wp-json\/wp\/v2\/posts\/218456\/revisions"}],"predecessor-version":[{"id":218458,"href":"https:\/\/corrientesdetarde.com\/index.php\/wp-json\/wp\/v2\/posts\/218456\/revisions\/218458"}],"wp:featuredmedia":[{"embeddable":true,"href":"https:\/\/corrientesdetarde.com\/index.php\/wp-json\/wp\/v2\/media\/218457"}],"wp:attachment":[{"href":"https:\/\/corrientesdetarde.com\/index.php\/wp-json\/wp\/v2\/media?parent=218456"}],"wp:term":[{"taxonomy":"category","embeddable":true,"href":"https:\/\/corrientesdetarde.com\/index.php\/wp-json\/wp\/v2\/categories?post=218456"},{"taxonomy":"post_tag","embeddable":true,"href":"https:\/\/corrientesdetarde.com\/index.php\/wp-json\/wp\/v2\/tags?post=218456"}],"curies":[{"name":"wp","href":"https:\/\/api.w.org\/{rel}","templated":true}]}}