{"id":218466,"date":"2025-07-22T19:47:44","date_gmt":"2025-07-22T22:47:44","guid":{"rendered":"https:\/\/corrientesdetarde.com\/?p=218466"},"modified":"2025-07-22T19:47:56","modified_gmt":"2025-07-22T22:47:56","slug":"tension-brasil-estados-unidos-ningun-gringo-dara-ordenes-a-brasil","status":"publish","type":"post","link":"https:\/\/corrientesdetarde.com\/index.php\/internacionales\/tension-brasil-estados-unidos-ningun-gringo-dara-ordenes-a-brasil\/","title":{"rendered":"Tensi\u00f3n Brasil &#8211; Estados Unidos: &#8220;Ning\u00fan gringo dar\u00e1 \u00f3rdenes a Brasil&#8221;"},"content":{"rendered":"\n<p>Desde San Pablo, el periodista Edgar Lucero relat\u00f3 en &#8220;Al caer la tarde&#8221; los pormenores de la crisis institucional que sacude a Brasil y su impacto geopol\u00edtico. La reacci\u00f3n nacionalista de Lula frente a las amenazas de Donald Trump reconfigura el escenario pol\u00edtico.<\/p>\n\n\n\n<p>La situaci\u00f3n pol\u00edtica en Brasil atraviesa una de sus semanas m\u00e1s agitadas en los \u00faltimos a\u00f1os, tras la imposici\u00f3n de una tobillera electr\u00f3nica al expresidente Jair Bolsonaro y la escalada diplom\u00e1tica impulsada por el expresidente estadounidense Donald Trump. Desde San Pablo, el cronista Edgar Lucero ofreci\u00f3 un minucioso panorama en el programa &#8220;Al caer la tarde&#8221;, donde destac\u00f3 c\u00f3mo esta crisis fortaleci\u00f3 inesperadamente al actual mandatario Luiz In\u00e1cio Lula da Silva.<\/p>\n\n\n\n<p>&#8220;Bolsonaro no logra entender c\u00f3mo termin\u00f3 preso, \u00e9l se percibe m\u00e1s grande de lo que realmente es. Pero esta vez no tuvo c\u00f3mo escapar: hasta sus aliados comenzaron a dejarlo solo&#8221;, explic\u00f3 Lucero, aludiendo al creciente aislamiento pol\u00edtico del exmandatario tras ser procesado por su participaci\u00f3n en la intentona golpista del 8 de enero de 2023.<\/p>\n\n\n\n<p>El detonante de esta nueva tormenta institucional fue una cadena de declaraciones del hijo de Bolsonaro, Eduardo, actualmente radicado en EE.UU. &#8220;Dijo que Brasil enfrentar\u00eda tiempos dif\u00edciles y pidi\u00f3 amnist\u00eda para los implicados en el intento de golpe. Ese mismo d\u00eda, Trump anuncia una tasa del 50% a las importaciones brasile\u00f1as. Fue un bombazo&#8221;, resumi\u00f3 Lucero.<\/p>\n\n\n\n<p>El impacto fue inmediato: el presidente Lula convoc\u00f3 a una comisi\u00f3n de crisis encabezada por su vicepresidente, Geraldo Alckmin, quien articul\u00f3 r\u00e1pidamente una respuesta conjunta con sectores empresariales, rurales e industriales. &#8220;Fue una reacci\u00f3n pol\u00edtica y estrat\u00e9gica muy h\u00e1bil, que logr\u00f3 mostrar unidad nacional frente a una amenaza externa. Y eso revirti\u00f3 el desgaste que ven\u00eda sufriendo Lula&#8221;, explic\u00f3 el cronista.<\/p>\n\n\n\n<p>Suba inesperada de Lula y mensaje nacionalista<br>El resultado fue inmediato: &#8220;Lula subi\u00f3 20 puntos en imagen positiva en solo una semana&#8221;, asegur\u00f3 Lucero. Y atribuy\u00f3 ese giro a la reacci\u00f3n patri\u00f3tica de la sociedad brasile\u00f1a. &#8220;El pueblo percibe que no es un problema comercial, sino una represalia personal de Trump contra Lula y el Supremo Tribunal. Eso uni\u00f3 al pa\u00eds&#8221;.<\/p>\n\n\n\n<p>Las frases m\u00e1s resonantes del presidente brasile\u00f1o tambi\u00e9n ayudaron a consolidar esa imagen. &#8220;Un gringo no dar\u00e1 \u00f3rdenes a este presidente&#8221; y &#8220;Brasil tiene un \u00fanico due\u00f1o: el pueblo brasile\u00f1o&#8221; fueron palabras que, seg\u00fan Lucero, &#8220;remitieron al tono de Per\u00f3n y marcaron el cambio de actitud de Lula, que pas\u00f3 de la cautela a una posici\u00f3n m\u00e1s firme y frontal&#8221;.<\/p>\n\n\n\n<p>Trump, sanciones y guerra digital<br>Lucero tambi\u00e9n inform\u00f3 que Trump habr\u00eda ordenado cancelar las visas de ingreso a EE.UU. de cinco jueces del Supremo Tribunal Federal de Brasil, un hecho considerado como una grave injerencia en asuntos internos. &#8220;Adem\u00e1s, pidi\u00f3 una investigaci\u00f3n comercial sobre el sistema PIX, el canal electr\u00f3nico de pagos entre Brasil y EE.UU.&#8221;, agreg\u00f3.<\/p>\n\n\n\n<p>En paralelo, se denunci\u00f3 el financiamiento de una red digital coordinada desde EE.UU. que opera en portugu\u00e9s y propaga &#8220;odio contra la izquierda&#8221; en redes sociales, seg\u00fan Lucero. &#8220;Se descubri\u00f3 que Bolsonaro envi\u00f3 hace cuatro meses dos millones de reales para sostener esa estructura. Es una guerra digital y pol\u00edtica que ahora est\u00e1 saliendo a la luz&#8221;.<\/p>\n\n\n\n<p>El rol de Argentina y un cambio de alianzas<br>Durante la conversaci\u00f3n, el vicegobernador de Corrientes, Pedro Braillard Poccard, que estaba presente en el estudio como invitado, reflexion\u00f3 sobre el giro geopol\u00edtico. &#8220;Durante a\u00f1os, Brasil fue el socio estrat\u00e9gico de EE.UU. en Am\u00e9rica Latina. Carter dec\u00eda \u2018donde va Brasil, va Am\u00e9rica Latina\u2019. Hoy, esa relaci\u00f3n se est\u00e1 resquebrajando&#8221;.<\/p>\n\n\n\n<p>Lucero coincidi\u00f3: &#8220;Por primera vez, Argentina aparece m\u00e1s alineada con EE.UU. y Brasil toma distancia, con un mensaje de soberan\u00eda. Es un cambio de roles hist\u00f3rico&#8221;.<\/p>\n\n\n\n<p>El cronista cerr\u00f3 anticipando m\u00e1s novedades: &#8220;Esto reci\u00e9n empieza. Habr\u00e1 m\u00e1s medidas, m\u00e1s respuestas de ambos lados, y la crisis puede escalar. Pero, por ahora, Lula sali\u00f3 fortalecido de un momento cr\u00edtico que parec\u00eda jugarle en contra&#8221;.<\/p>\n","protected":false},"excerpt":{"rendered":"<p>Desde San Pablo, el periodista Edgar Lucero relat\u00f3 en &#8220;Al caer la tarde&#8221; los pormenores de la crisis institucional que sacude a Brasil y su impacto geopol\u00edtico. La reacci\u00f3n nacionalista&hellip; <\/p>\n","protected":false},"author":4,"featured_media":218474,"comment_status":"closed","ping_status":"open","sticky":false,"template":"","format":"standard","meta":{"footnotes":""},"categories":[11],"tags":[],"class_list":["post-218466","post","type-post","status-publish","format-standard","has-post-thumbnail","hentry","category-internacionales"],"_links":{"self":[{"href":"https:\/\/corrientesdetarde.com\/index.php\/wp-json\/wp\/v2\/posts\/218466","targetHints":{"allow":["GET"]}}],"collection":[{"href":"https:\/\/corrientesdetarde.com\/index.php\/wp-json\/wp\/v2\/posts"}],"about":[{"href":"https:\/\/corrientesdetarde.com\/index.php\/wp-json\/wp\/v2\/types\/post"}],"author":[{"embeddable":true,"href":"https:\/\/corrientesdetarde.com\/index.php\/wp-json\/wp\/v2\/users\/4"}],"replies":[{"embeddable":true,"href":"https:\/\/corrientesdetarde.com\/index.php\/wp-json\/wp\/v2\/comments?post=218466"}],"version-history":[{"count":1,"href":"https:\/\/corrientesdetarde.com\/index.php\/wp-json\/wp\/v2\/posts\/218466\/revisions"}],"predecessor-version":[{"id":218475,"href":"https:\/\/corrientesdetarde.com\/index.php\/wp-json\/wp\/v2\/posts\/218466\/revisions\/218475"}],"wp:featuredmedia":[{"embeddable":true,"href":"https:\/\/corrientesdetarde.com\/index.php\/wp-json\/wp\/v2\/media\/218474"}],"wp:attachment":[{"href":"https:\/\/corrientesdetarde.com\/index.php\/wp-json\/wp\/v2\/media?parent=218466"}],"wp:term":[{"taxonomy":"category","embeddable":true,"href":"https:\/\/corrientesdetarde.com\/index.php\/wp-json\/wp\/v2\/categories?post=218466"},{"taxonomy":"post_tag","embeddable":true,"href":"https:\/\/corrientesdetarde.com\/index.php\/wp-json\/wp\/v2\/tags?post=218466"}],"curies":[{"name":"wp","href":"https:\/\/api.w.org\/{rel}","templated":true}]}}