{"id":218484,"date":"2025-07-22T19:56:18","date_gmt":"2025-07-22T22:56:18","guid":{"rendered":"https:\/\/corrientesdetarde.com\/?p=218484"},"modified":"2025-07-22T19:56:21","modified_gmt":"2025-07-22T22:56:21","slug":"juan-pablo-valdes-vamos-a-formar-mas-policias-para-que-recorran-las-calles","status":"publish","type":"post","link":"https:\/\/corrientesdetarde.com\/index.php\/politica\/juan-pablo-valdes-vamos-a-formar-mas-policias-para-que-recorran-las-calles\/","title":{"rendered":"Juan Pablo Vald\u00e9s: &#8220;Vamos a formar m\u00e1s polic\u00edas para que recorran las calles&#8221;"},"content":{"rendered":"\n<p>El candidato a gobernador por Vamos Corrientes propuso reforzar la seguridad en la capital con m\u00e1s agentes, equipamiento y herramientas tecnol\u00f3gicas basadas en inteligencia artificial.<\/p>\n\n\n\n<p>El intendente de Ituzaing\u00f3 y candidato a gobernador, Juan Pablo Vald\u00e9s, asegur\u00f3 que uno de los ejes de su propuesta es fortalecer la seguridad en la capital y en toda la provincia. &#8220;M\u00e1s all\u00e1 de que uno pueda hacer m\u00e1s comisar\u00edas, si no tiene el recurso humano, los efectivos, la soluci\u00f3n no termina siendo la comisar\u00eda&#8221;, explic\u00f3.<\/p>\n\n\n\n<p>&#8220;La soluci\u00f3n termina siendo tener m\u00e1s efectivos, que es lo que vamos a hacer. Vamos a tener m\u00e1s polic\u00edas en las calles, vamos a formar m\u00e1s recursos humanos, pero tambi\u00e9n los vamos a equipar mejor&#8221;, sostuvo Vald\u00e9s.<\/p>\n\n\n\n<p>En ese marco, destac\u00f3 que se incorporar\u00e1n herramientas tecnol\u00f3gicas de avanzada para la prevenci\u00f3n del delito: &#8220;Vamos a dar las herramientas para generar los mapas predictivos del delito, que es una herramienta de IA muy moderna. De esta forma haremos que la capital sea un lugar m\u00e1s seguro&#8221;.<\/p>\n\n\n\n<p>Adem\u00e1s, reafirm\u00f3 su alianza con Claudio Polich, candidato a intendente de la capital por el mismo espacio pol\u00edtico. &#8220;No tengo dudas de que Claudio Polich y yo vamos a formar un gran equipo para seguir haciendo crecer a la capital&#8221;, expres\u00f3.<\/p>\n","protected":false},"excerpt":{"rendered":"<p>El candidato a gobernador por Vamos Corrientes propuso reforzar la seguridad en la capital con m\u00e1s agentes, equipamiento y herramientas tecnol\u00f3gicas basadas en inteligencia artificial. El intendente de Ituzaing\u00f3 y&hellip; <\/p>\n","protected":false},"author":4,"featured_media":218485,"comment_status":"closed","ping_status":"open","sticky":false,"template":"","format":"standard","meta":{"footnotes":""},"categories":[3],"tags":[],"class_list":["post-218484","post","type-post","status-publish","format-standard","has-post-thumbnail","hentry","category-politica"],"_links":{"self":[{"href":"https:\/\/corrientesdetarde.com\/index.php\/wp-json\/wp\/v2\/posts\/218484","targetHints":{"allow":["GET"]}}],"collection":[{"href":"https:\/\/corrientesdetarde.com\/index.php\/wp-json\/wp\/v2\/posts"}],"about":[{"href":"https:\/\/corrientesdetarde.com\/index.php\/wp-json\/wp\/v2\/types\/post"}],"author":[{"embeddable":true,"href":"https:\/\/corrientesdetarde.com\/index.php\/wp-json\/wp\/v2\/users\/4"}],"replies":[{"embeddable":true,"href":"https:\/\/corrientesdetarde.com\/index.php\/wp-json\/wp\/v2\/comments?post=218484"}],"version-history":[{"count":1,"href":"https:\/\/corrientesdetarde.com\/index.php\/wp-json\/wp\/v2\/posts\/218484\/revisions"}],"predecessor-version":[{"id":218486,"href":"https:\/\/corrientesdetarde.com\/index.php\/wp-json\/wp\/v2\/posts\/218484\/revisions\/218486"}],"wp:featuredmedia":[{"embeddable":true,"href":"https:\/\/corrientesdetarde.com\/index.php\/wp-json\/wp\/v2\/media\/218485"}],"wp:attachment":[{"href":"https:\/\/corrientesdetarde.com\/index.php\/wp-json\/wp\/v2\/media?parent=218484"}],"wp:term":[{"taxonomy":"category","embeddable":true,"href":"https:\/\/corrientesdetarde.com\/index.php\/wp-json\/wp\/v2\/categories?post=218484"},{"taxonomy":"post_tag","embeddable":true,"href":"https:\/\/corrientesdetarde.com\/index.php\/wp-json\/wp\/v2\/tags?post=218484"}],"curies":[{"name":"wp","href":"https:\/\/api.w.org\/{rel}","templated":true}]}}