{"id":218487,"date":"2025-07-22T20:00:05","date_gmt":"2025-07-22T23:00:05","guid":{"rendered":"https:\/\/corrientesdetarde.com\/?p=218487"},"modified":"2025-07-22T20:00:11","modified_gmt":"2025-07-22T23:00:11","slug":"hallaron-el-cuerpo-de-un-joven-que-se-arrojo-del-puente-general-belgrano-al-rio-parana","status":"publish","type":"post","link":"https:\/\/corrientesdetarde.com\/index.php\/policiales\/hallaron-el-cuerpo-de-un-joven-que-se-arrojo-del-puente-general-belgrano-al-rio-parana\/","title":{"rendered":"Hallaron el cuerpo de un joven que se arroj\u00f3 del puente General Belgrano al r\u00edo Paran\u00e1"},"content":{"rendered":"\n<p>Ten\u00eda 24 a\u00f1os y era oriundo de Castelli, Chaco. Prefectura encontr\u00f3 el cuerpo en la zona de Derqui, Empedrado.<\/p>\n\n\n\n<p>Un joven de 24 a\u00f1os, oriundo de Castelli (Chaco), fue hallado sin vida en las aguas del r\u00edo Paran\u00e1 tras arrojarse desde el puente General Manuel Belgrano durante la madrugada del lunes 21 de julio. El cuerpo fue localizado por Prefectura Naval en la zona de Derqui, departamento de Empedrado.<\/p>\n\n\n\n<p>Seg\u00fan la informaci\u00f3n preliminar, el joven se habr\u00eda arrojado voluntariamente desde el puente que une Corrientes con Chaco y habr\u00eda muerto por ahogamiento. La Polic\u00eda de Corrientes tom\u00f3 intervenci\u00f3n en el caso y se dio aviso a la fiscal\u00eda de turno.<\/p>\n\n\n\n<p>La Comisar\u00eda Primera Urbana lleva adelante las actuaciones correspondientes y hasta el momento no se conocen mayores detalles sobre el hecho.<\/p>\n","protected":false},"excerpt":{"rendered":"<p>Ten\u00eda 24 a\u00f1os y era oriundo de Castelli, Chaco. Prefectura encontr\u00f3 el cuerpo en la zona de Derqui, Empedrado. Un joven de 24 a\u00f1os, oriundo de Castelli (Chaco), fue hallado&hellip; <\/p>\n","protected":false},"author":4,"featured_media":218488,"comment_status":"closed","ping_status":"open","sticky":false,"template":"","format":"standard","meta":{"footnotes":""},"categories":[33],"tags":[],"class_list":["post-218487","post","type-post","status-publish","format-standard","has-post-thumbnail","hentry","category-policiales"],"_links":{"self":[{"href":"https:\/\/corrientesdetarde.com\/index.php\/wp-json\/wp\/v2\/posts\/218487","targetHints":{"allow":["GET"]}}],"collection":[{"href":"https:\/\/corrientesdetarde.com\/index.php\/wp-json\/wp\/v2\/posts"}],"about":[{"href":"https:\/\/corrientesdetarde.com\/index.php\/wp-json\/wp\/v2\/types\/post"}],"author":[{"embeddable":true,"href":"https:\/\/corrientesdetarde.com\/index.php\/wp-json\/wp\/v2\/users\/4"}],"replies":[{"embeddable":true,"href":"https:\/\/corrientesdetarde.com\/index.php\/wp-json\/wp\/v2\/comments?post=218487"}],"version-history":[{"count":1,"href":"https:\/\/corrientesdetarde.com\/index.php\/wp-json\/wp\/v2\/posts\/218487\/revisions"}],"predecessor-version":[{"id":218489,"href":"https:\/\/corrientesdetarde.com\/index.php\/wp-json\/wp\/v2\/posts\/218487\/revisions\/218489"}],"wp:featuredmedia":[{"embeddable":true,"href":"https:\/\/corrientesdetarde.com\/index.php\/wp-json\/wp\/v2\/media\/218488"}],"wp:attachment":[{"href":"https:\/\/corrientesdetarde.com\/index.php\/wp-json\/wp\/v2\/media?parent=218487"}],"wp:term":[{"taxonomy":"category","embeddable":true,"href":"https:\/\/corrientesdetarde.com\/index.php\/wp-json\/wp\/v2\/categories?post=218487"},{"taxonomy":"post_tag","embeddable":true,"href":"https:\/\/corrientesdetarde.com\/index.php\/wp-json\/wp\/v2\/tags?post=218487"}],"curies":[{"name":"wp","href":"https:\/\/api.w.org\/{rel}","templated":true}]}}