{"id":218490,"date":"2025-07-22T21:03:42","date_gmt":"2025-07-23T00:03:42","guid":{"rendered":"https:\/\/corrientesdetarde.com\/?p=218490"},"modified":"2025-07-22T21:03:45","modified_gmt":"2025-07-23T00:03:45","slug":"valdes-realizara-inauguraciones-y-entregara-viviendas-en-el-interior","status":"publish","type":"post","link":"https:\/\/corrientesdetarde.com\/index.php\/actualidad\/valdes-realizara-inauguraciones-y-entregara-viviendas-en-el-interior\/","title":{"rendered":"Vald\u00e9s realizar\u00e1 inauguraciones y entregar\u00e1 viviendas en el interior"},"content":{"rendered":"\n<p>El gobernador de Corrientes,&nbsp;<strong>Gustavo Vald\u00e9s<\/strong>, encabezar\u00e1 este mi\u00e9rcoles 23 y jueves 24 una intensa jornada de trabajo en el interior provincial que incluir\u00e1 inauguraciones, y entrega de viviendas,&nbsp;en las localidades de Garruchos, Garav\u00ed, y Santo Tom\u00e9.<\/p>\n\n\n\n<p>La actividad comenzar\u00e1 en Garruchos, donde Vald\u00e9s dejar\u00e1 formalmente inauguradas las letras corp\u00f3reas y el boulevard en el acceso a la localidad a las 10; tambi\u00e9n habilitar\u00e1 un Sal\u00f3n de Usos M\u00faltiples, que contar\u00e1 con un espacio joven y un muro perimetral, en el barrio Loma Bonita a las 11; y seguidamente a las 12 inaugurar\u00e1 un cajero Autom\u00e1tico del Banco de Corrientes, y 2.000 metros de cord\u00f3n cuneta, &nbsp;en el edificio Municipal.<\/p>\n\n\n\n<p>Por otra parte, en Garav\u00ed a las 14:30 entregar\u00e1 viviendas del Programa O\u00f1ondiv\u00e9 e inaugurar\u00e1 el Centro Integrador Comunitario del barrio Esperanza; mientras que a las 15:30 habilitar\u00e1 el Cajero Autom\u00e1tico del Banco de Corrientes y dos cuadas de cord\u00f3n cuneta en Edificio Municipal.<\/p>\n\n\n\n<p>Por \u00faltimo, el jueves 24, a las 10 de la ma\u00f1ana el mandatario arribar\u00e1 Santo Tom\u00e9 para inaugurar la Comisar\u00eda 3\u00aa por calle 25 de Mayo y \u00c1ngel Blanco; y para finalizar la agenda, a las 11 inaugurar\u00e1 32 cuadras de pavimento por el Boulevard Roca e Ilia.<\/p>\n","protected":false},"excerpt":{"rendered":"<p>El gobernador de Corrientes,&nbsp;Gustavo Vald\u00e9s, encabezar\u00e1 este mi\u00e9rcoles 23 y jueves 24 una intensa jornada de trabajo en el interior provincial que incluir\u00e1 inauguraciones, y entrega de viviendas,&nbsp;en las localidades&hellip; <\/p>\n","protected":false},"author":4,"featured_media":218498,"comment_status":"closed","ping_status":"open","sticky":false,"template":"","format":"standard","meta":{"footnotes":""},"categories":[23],"tags":[],"class_list":["post-218490","post","type-post","status-publish","format-standard","has-post-thumbnail","hentry","category-actualidad"],"_links":{"self":[{"href":"https:\/\/corrientesdetarde.com\/index.php\/wp-json\/wp\/v2\/posts\/218490","targetHints":{"allow":["GET"]}}],"collection":[{"href":"https:\/\/corrientesdetarde.com\/index.php\/wp-json\/wp\/v2\/posts"}],"about":[{"href":"https:\/\/corrientesdetarde.com\/index.php\/wp-json\/wp\/v2\/types\/post"}],"author":[{"embeddable":true,"href":"https:\/\/corrientesdetarde.com\/index.php\/wp-json\/wp\/v2\/users\/4"}],"replies":[{"embeddable":true,"href":"https:\/\/corrientesdetarde.com\/index.php\/wp-json\/wp\/v2\/comments?post=218490"}],"version-history":[{"count":1,"href":"https:\/\/corrientesdetarde.com\/index.php\/wp-json\/wp\/v2\/posts\/218490\/revisions"}],"predecessor-version":[{"id":218499,"href":"https:\/\/corrientesdetarde.com\/index.php\/wp-json\/wp\/v2\/posts\/218490\/revisions\/218499"}],"wp:featuredmedia":[{"embeddable":true,"href":"https:\/\/corrientesdetarde.com\/index.php\/wp-json\/wp\/v2\/media\/218498"}],"wp:attachment":[{"href":"https:\/\/corrientesdetarde.com\/index.php\/wp-json\/wp\/v2\/media?parent=218490"}],"wp:term":[{"taxonomy":"category","embeddable":true,"href":"https:\/\/corrientesdetarde.com\/index.php\/wp-json\/wp\/v2\/categories?post=218490"},{"taxonomy":"post_tag","embeddable":true,"href":"https:\/\/corrientesdetarde.com\/index.php\/wp-json\/wp\/v2\/tags?post=218490"}],"curies":[{"name":"wp","href":"https:\/\/api.w.org\/{rel}","templated":true}]}}