{"id":218527,"date":"2025-07-23T08:26:21","date_gmt":"2025-07-23T11:26:21","guid":{"rendered":"https:\/\/corrientesdetarde.com\/?p=218527"},"modified":"2025-07-23T08:26:24","modified_gmt":"2025-07-23T11:26:24","slug":"este-viernes-comienza-el-pago-de-sueldos-a-empleados-estatales","status":"publish","type":"post","link":"https:\/\/corrientesdetarde.com\/index.php\/economia\/este-viernes-comienza-el-pago-de-sueldos-a-empleados-estatales\/","title":{"rendered":"Este viernes comienza el pago de sueldos a empleados estatales"},"content":{"rendered":"\n<p>Los salarios correspondientes al mes de julio&nbsp; para activos y jubilados y jubilados de la administraci\u00f3n p\u00fablica provincial comenzar\u00e1n a abonarse el viernes 25.&nbsp; As\u00ed lo anunci\u00f3 el gobernador Gustavo Vald\u00e9s por medio de sus redes sociales.&nbsp;<\/p>\n\n\n\n<p>Los salarios correspondientes al del mes de julio para trabajadores provinciales activos y jubilados se pagar\u00e1n por terminaci\u00f3n de DNI en el siguiente cronograma:<\/p>\n\n\n\n<p>\u2022 Viernes 25: 0 y 1<br>\u2022 Lunes 28: 2 y 3*<br>\u2022 Martes 29: 4 y 5<br>\u2022 Mi\u00e9rcoles 30: 6 y 7<br>\u2022 Jueves 31: 8 y 9<br>* Por cajeros, s\u00e1bado 26.<\/p>\n","protected":false},"excerpt":{"rendered":"<p>Los salarios correspondientes al mes de julio&nbsp; para activos y jubilados y jubilados de la administraci\u00f3n p\u00fablica provincial comenzar\u00e1n a abonarse el viernes 25.&nbsp; As\u00ed lo anunci\u00f3 el gobernador Gustavo&hellip; <\/p>\n","protected":false},"author":1,"featured_media":204864,"comment_status":"closed","ping_status":"open","sticky":false,"template":"","format":"standard","meta":{"footnotes":""},"categories":[23,20],"tags":[],"class_list":["post-218527","post","type-post","status-publish","format-standard","has-post-thumbnail","hentry","category-actualidad","category-economia"],"_links":{"self":[{"href":"https:\/\/corrientesdetarde.com\/index.php\/wp-json\/wp\/v2\/posts\/218527","targetHints":{"allow":["GET"]}}],"collection":[{"href":"https:\/\/corrientesdetarde.com\/index.php\/wp-json\/wp\/v2\/posts"}],"about":[{"href":"https:\/\/corrientesdetarde.com\/index.php\/wp-json\/wp\/v2\/types\/post"}],"author":[{"embeddable":true,"href":"https:\/\/corrientesdetarde.com\/index.php\/wp-json\/wp\/v2\/users\/1"}],"replies":[{"embeddable":true,"href":"https:\/\/corrientesdetarde.com\/index.php\/wp-json\/wp\/v2\/comments?post=218527"}],"version-history":[{"count":1,"href":"https:\/\/corrientesdetarde.com\/index.php\/wp-json\/wp\/v2\/posts\/218527\/revisions"}],"predecessor-version":[{"id":218528,"href":"https:\/\/corrientesdetarde.com\/index.php\/wp-json\/wp\/v2\/posts\/218527\/revisions\/218528"}],"wp:featuredmedia":[{"embeddable":true,"href":"https:\/\/corrientesdetarde.com\/index.php\/wp-json\/wp\/v2\/media\/204864"}],"wp:attachment":[{"href":"https:\/\/corrientesdetarde.com\/index.php\/wp-json\/wp\/v2\/media?parent=218527"}],"wp:term":[{"taxonomy":"category","embeddable":true,"href":"https:\/\/corrientesdetarde.com\/index.php\/wp-json\/wp\/v2\/categories?post=218527"},{"taxonomy":"post_tag","embeddable":true,"href":"https:\/\/corrientesdetarde.com\/index.php\/wp-json\/wp\/v2\/tags?post=218527"}],"curies":[{"name":"wp","href":"https:\/\/api.w.org\/{rel}","templated":true}]}}