{"id":218558,"date":"2025-07-23T11:23:54","date_gmt":"2025-07-23T14:23:54","guid":{"rendered":"https:\/\/corrientesdetarde.com\/?p=218558"},"modified":"2025-07-23T11:23:57","modified_gmt":"2025-07-23T14:23:57","slug":"un-hombre-armado-amenazo-a-personal-de-un-banco","status":"publish","type":"post","link":"https:\/\/corrientesdetarde.com\/index.php\/policiales\/un-hombre-armado-amenazo-a-personal-de-un-banco\/","title":{"rendered":"Un hombre armado amenaz\u00f3 a personal de un banco"},"content":{"rendered":"\n<p>En un hecho que caus\u00f3 gran revuelo, por el amplio despliegue de personal policial, un hombre fue demorado, despu\u00e9s que se present\u00f3 armado a una&nbsp;<strong>sucursal bancaria de la localidad de Mocoret\u00e1<\/strong>, donde amenaz\u00f3 a la guardia y a los empleados.<\/p>\n\n\n\n<p>Ocurri\u00f3 alrededor de las 6 del lunes en el edificio del&nbsp;<strong>Banco de Corrientes.<\/strong><\/p>\n\n\n\n<p>Seg\u00fan se supo, un hombre que atraviesa una situaci\u00f3n de&nbsp;<strong>salud mental&nbsp;<\/strong>se present\u00f3 a la entidad bancaria portando un&nbsp;<strong>arma blanca<\/strong>&nbsp;y profiriendo amenazas, principalmente al personal de seguridad y a algunos empleados que se dispon\u00edan a ingresar para comenzar su jornada laboral, seg\u00fan public\u00f3 Portal Corrientes.<\/p>\n\n\n\n<h2 class=\"wp-block-heading\">R\u00e1pida intervenci\u00f3n policial<\/h2>\n\n\n\n<p>La r\u00e1pida intervenci\u00f3n del&nbsp;<strong>personal policial&nbsp;<\/strong>permiti\u00f3 contener la situaci\u00f3n sin que se registraran hechos que lamentar ni personas heridas. El hombre fue reducido de manera pac\u00edfica y trasladado para ser evaluado por profesionales, con la posibilidad de que reciba atenci\u00f3n especializada en un centro adecuado.<\/p>\n\n\n\n<p>Desde la Fiscal\u00eda local pusieron de manifiesto la importancia de fortalecer los mecanismos de acompa\u00f1amiento a personas con padecimientos de&nbsp;<strong>salud mental<\/strong>, as\u00ed como tambi\u00e9n resaltaron el correcto accionar de las fuerzas de seguridad en momentos de alta sensibilidad.<\/p>\n\n\n\n<p>Desde las autoridades se inform\u00f3 que no hay riesgos para la comunidad y que la situaci\u00f3n fue manejada con el debido cuidado, priorizando en todo momento la integridad de todas las personas involucradas.<\/p>\n","protected":false},"excerpt":{"rendered":"<p>En un hecho que caus\u00f3 gran revuelo, por el amplio despliegue de personal policial, un hombre fue demorado, despu\u00e9s que se present\u00f3 armado a una&nbsp;sucursal bancaria de la localidad de&hellip; <\/p>\n","protected":false},"author":1,"featured_media":218566,"comment_status":"closed","ping_status":"open","sticky":false,"template":"","format":"standard","meta":{"footnotes":""},"categories":[33],"tags":[],"class_list":["post-218558","post","type-post","status-publish","format-standard","has-post-thumbnail","hentry","category-policiales"],"_links":{"self":[{"href":"https:\/\/corrientesdetarde.com\/index.php\/wp-json\/wp\/v2\/posts\/218558","targetHints":{"allow":["GET"]}}],"collection":[{"href":"https:\/\/corrientesdetarde.com\/index.php\/wp-json\/wp\/v2\/posts"}],"about":[{"href":"https:\/\/corrientesdetarde.com\/index.php\/wp-json\/wp\/v2\/types\/post"}],"author":[{"embeddable":true,"href":"https:\/\/corrientesdetarde.com\/index.php\/wp-json\/wp\/v2\/users\/1"}],"replies":[{"embeddable":true,"href":"https:\/\/corrientesdetarde.com\/index.php\/wp-json\/wp\/v2\/comments?post=218558"}],"version-history":[{"count":1,"href":"https:\/\/corrientesdetarde.com\/index.php\/wp-json\/wp\/v2\/posts\/218558\/revisions"}],"predecessor-version":[{"id":218567,"href":"https:\/\/corrientesdetarde.com\/index.php\/wp-json\/wp\/v2\/posts\/218558\/revisions\/218567"}],"wp:featuredmedia":[{"embeddable":true,"href":"https:\/\/corrientesdetarde.com\/index.php\/wp-json\/wp\/v2\/media\/218566"}],"wp:attachment":[{"href":"https:\/\/corrientesdetarde.com\/index.php\/wp-json\/wp\/v2\/media?parent=218558"}],"wp:term":[{"taxonomy":"category","embeddable":true,"href":"https:\/\/corrientesdetarde.com\/index.php\/wp-json\/wp\/v2\/categories?post=218558"},{"taxonomy":"post_tag","embeddable":true,"href":"https:\/\/corrientesdetarde.com\/index.php\/wp-json\/wp\/v2\/tags?post=218558"}],"curies":[{"name":"wp","href":"https:\/\/api.w.org\/{rel}","templated":true}]}}