{"id":218580,"date":"2025-07-23T13:14:36","date_gmt":"2025-07-23T16:14:36","guid":{"rendered":"https:\/\/corrientesdetarde.com\/?p=218580"},"modified":"2025-07-23T13:14:39","modified_gmt":"2025-07-23T16:14:39","slug":"la-dura-revelacion-del-medico-de-locomotora-oliveras-si-sobrevive-va-a-quedar-con-secuelas-neurologicas","status":"publish","type":"post","link":"https:\/\/corrientesdetarde.com\/index.php\/deportes\/la-dura-revelacion-del-medico-de-locomotora-oliveras-si-sobrevive-va-a-quedar-con-secuelas-neurologicas\/","title":{"rendered":"La dura revelaci\u00f3n del m\u00e9dico de \u201cLocomotora\u201d Oliveras: \u201cSi sobrevive, va a quedar con secuelas neurol\u00f3gicas\u201d"},"content":{"rendered":"\n<p>N\u00e9stor Carrizo, jefe de Terapia Intensiva del Hospital Cullen de Santa Fe, inform\u00f3 que la paciente se mantiene cl\u00ednicamente estable y con respuestas \u201cfluctuantes\u201d por su lesi\u00f3n cerebral.<\/p>\n\n\n\n<p>El m\u00e9dico\u00a0<strong>N\u00e9stor Carrizo,<\/strong>\u00a0jefe de la Unidad de Terapia Intensiva del Hospital Cullen de Santa Fe, hizo este mi\u00e9rcoles una dura revelaci\u00f3n sobre la salud de\u00a0<strong>Alejandro \u201cLocomotora\u201d Oliveras<\/strong>, quien \u201c<strong>va a quedar con secuelas neurol\u00f3gicas<\/strong>\u201d en caso de reponerse del ACV isqu\u00e9mico sufrido hace nueve d\u00edas.<\/p>\n\n\n\n<p>Al brindar un nuevo parte m\u00e9dico, Carrizo inform\u00f3 que la paciente se mantiene&nbsp;<strong>estable en cuanto al control de la presi\u00f3n arterial y neurol\u00f3gica<\/strong>, pero con respuestas&nbsp;<strong>\u201dfluctuantes&#8221;&nbsp;<\/strong>por su lesi\u00f3n cerebral.<\/p>\n\n\n\n<p>\u201c<strong>Lo positivo es que se evit\u00f3 el enclavamiento cerebral y la muerte encef\u00e1lica. Esa fue la amenaza m\u00e1s grave en las primeras horas<\/strong>\u201d, explic\u00f3 al referir a la operaci\u00f3n de urgencia que se le practic\u00f3 hace una semana, a 48 horas de su ingreso al sanatorio.<\/p>\n\n\n\n<figure class=\"wp-block-image\"><img decoding=\"async\" src=\"https:\/\/tn.com.ar\/resizer\/v2\/foto-locomotoraoktwiter-WSC5FUTCBZASJGJHUDMUCOVCDY.jpg?auth=a9016a22ae5fc65379022310feeacde009eeedc9131c3d1bf7bea9a64b65c785&amp;width=767\" alt=\"(Foto: @locomotoraok\/Twiter)\"\/><\/figure>\n\n\n\n<h2 class=\"wp-block-heading\"><strong>Estado delicado y evoluci\u00f3n lenta: el nuevo parte m\u00e9dico sobre la salud de \u201cLocomotora\u201d Oliveras<\/strong><\/h2>\n\n\n\n<p><strong>Bruno Moroni<\/strong>, director del Hospital Cullen, explic\u00f3 que la paciente permanece&nbsp;<strong>estable<\/strong>&nbsp;en cuanto a los controles de presi\u00f3n arterial y que el seguimiento neurol\u00f3gico se realiza de forma continua, adaptando las decisiones m\u00e9dicas a las respuestas observadas.<\/p>\n\n\n\n<p>\u201cLa paciente se encuentra estable desde el punto de vista de la presi\u00f3n y la oxigenacion y con el control neurol\u00f3gico que se viene realizando de forma permanente\u201d, dijo.<\/p>\n\n\n\n<p>Sin embargo, aclar\u00f3 que su cuadro es &#8220;<strong>fluctuante<\/strong>\u201c, aunque no present\u00f3 grandes cambios en las \u00faltimas 72 horas.<\/p>\n\n\n\n<p>Oliveras sigue bajo sedaci\u00f3n y con respirador, un factor que depende del l\u00edquido acumulado en el cerebro, cuya evoluci\u00f3n puede demorar d\u00edas o incluso semanas. \u201c<strong>No es de un d\u00eda para el otro. Hay que darle tiempo<\/strong>\u201d, precis\u00f3 Carrizo.<\/p>\n\n\n\n<p>El jefe m\u00e9dico de la Unidad de Terapia Intensiva advirti\u00f3 que la exboxeadora sigue con un \u201c<strong>alto riesgo de vida<\/strong>\u201d, por esa raz\u00f3n, el tratamiento recibido se enfoca en mantener \u201cla estabilidad\u201d cl\u00ednica que permite la funcionalidad de los \u00f3rganos vitales.<\/p>\n\n\n\n<figure class=\"wp-block-image\"><img decoding=\"async\" src=\"https:\/\/tn.com.ar\/resizer\/v2\/foto-locomotoraoktwitter-XFHCORK3VFGRPNVOCEJEWOYPZI.jpg?auth=08ef7757c1c2797f56720b99fe1190a6715428717c478bfe3ffe362eb7a130b6&amp;width=767\" alt=\"(Foto: @locomotoraok\/Twitter)\"\/><\/figure>\n\n\n\n<p>En ese sentido, la exdeportista permanece con asistencia respiratoria y, aunque aunque todav\u00eda no es posible determinar el alcance del da\u00f1o cerebral sufrido, Carrizo asegur\u00f3 que \u201cva a quedar con&nbsp;<strong>secuelas neurol\u00f3gicas&#8221;<\/strong>.<\/p>\n\n\n\n<p>\u201cEl lado izquierdo del cerebro es una \u00e1rea muy importante, que gobierna la motildiad del lado derecho de nuestro organismo. En las personas diestras est\u00e1 el centro del lenguaje. Algunos pacientes, si sobreviven a esta situaci\u00f3n, pueden tener afectada la comprensi\u00f3n del lenguaje, pero insisto: estamos&nbsp;<strong>en una etapa en la que este tipo de secuelas no podemos definirlas<\/strong>\u201d, aclar\u00f3.<\/p>\n\n\n\n<p>Luego adelant\u00f3 que los futuros partes m\u00e9dicos pueden parecer mon\u00f3tonos por la lentitud natural del proceso. \u201c<strong>No habr\u00e1 cambios bruscos<\/strong>, salvo alguna complicaci\u00f3n que, Dios quiera, no suceda\u201d, coment\u00f3 el m\u00e9dico.<\/p>\n\n\n\n<h2 class=\"wp-block-heading\"><strong>El ACV de \u201cLocomotora\u201d Oliveras: sospechan de una lesi\u00f3n en la car\u00f3tida<\/strong><\/h2>\n\n\n\n<p>Los estudios realizados indican una alta sospecha de que el&nbsp;<strong>ACV&nbsp;<\/strong>fue provocado por una&nbsp;<strong>embolia cerebral<\/strong>, posiblemente originada en una lesi\u00f3n ateroscler\u00f3tica en la arteria car\u00f3tida.<\/p>\n\n\n\n<p>En el mismo sentido, Alejandro Musacchio, el neurocirujano que la intervino en el sanatorio, habl\u00f3 con TN y explic\u00f3 que el ACV \u201cfue por una patolog\u00eda vascular no controlada\u201d.<\/p>\n\n\n\n<p>\u201cTen\u00eda una estrechez en la car\u00f3tida derecha con una placa de ateroma (l\u00edpidos) y calcio\u201d, cerr\u00f3.<\/p>\n","protected":false},"excerpt":{"rendered":"<p>N\u00e9stor Carrizo, jefe de Terapia Intensiva del Hospital Cullen de Santa Fe, inform\u00f3 que la paciente se mantiene cl\u00ednicamente estable y con respuestas \u201cfluctuantes\u201d por su lesi\u00f3n cerebral. El m\u00e9dico\u00a0N\u00e9stor&hellip; <\/p>\n","protected":false},"author":8,"featured_media":218581,"comment_status":"closed","ping_status":"open","sticky":false,"template":"","format":"standard","meta":{"footnotes":""},"categories":[4],"tags":[],"class_list":["post-218580","post","type-post","status-publish","format-standard","has-post-thumbnail","hentry","category-deportes"],"_links":{"self":[{"href":"https:\/\/corrientesdetarde.com\/index.php\/wp-json\/wp\/v2\/posts\/218580","targetHints":{"allow":["GET"]}}],"collection":[{"href":"https:\/\/corrientesdetarde.com\/index.php\/wp-json\/wp\/v2\/posts"}],"about":[{"href":"https:\/\/corrientesdetarde.com\/index.php\/wp-json\/wp\/v2\/types\/post"}],"author":[{"embeddable":true,"href":"https:\/\/corrientesdetarde.com\/index.php\/wp-json\/wp\/v2\/users\/8"}],"replies":[{"embeddable":true,"href":"https:\/\/corrientesdetarde.com\/index.php\/wp-json\/wp\/v2\/comments?post=218580"}],"version-history":[{"count":1,"href":"https:\/\/corrientesdetarde.com\/index.php\/wp-json\/wp\/v2\/posts\/218580\/revisions"}],"predecessor-version":[{"id":218582,"href":"https:\/\/corrientesdetarde.com\/index.php\/wp-json\/wp\/v2\/posts\/218580\/revisions\/218582"}],"wp:featuredmedia":[{"embeddable":true,"href":"https:\/\/corrientesdetarde.com\/index.php\/wp-json\/wp\/v2\/media\/218581"}],"wp:attachment":[{"href":"https:\/\/corrientesdetarde.com\/index.php\/wp-json\/wp\/v2\/media?parent=218580"}],"wp:term":[{"taxonomy":"category","embeddable":true,"href":"https:\/\/corrientesdetarde.com\/index.php\/wp-json\/wp\/v2\/categories?post=218580"},{"taxonomy":"post_tag","embeddable":true,"href":"https:\/\/corrientesdetarde.com\/index.php\/wp-json\/wp\/v2\/tags?post=218580"}],"curies":[{"name":"wp","href":"https:\/\/api.w.org\/{rel}","templated":true}]}}