{"id":218592,"date":"2025-07-23T14:03:37","date_gmt":"2025-07-23T17:03:37","guid":{"rendered":"https:\/\/corrientesdetarde.com\/?p=218592"},"modified":"2025-07-23T14:03:40","modified_gmt":"2025-07-23T17:03:40","slug":"tassano-encabezo-con-polich-y-demas-candidatos-de-vamos-corrientes-una-reunion-en-apicc","status":"publish","type":"post","link":"https:\/\/corrientesdetarde.com\/index.php\/sociales\/tassano-encabezo-con-polich-y-demas-candidatos-de-vamos-corrientes-una-reunion-en-apicc\/","title":{"rendered":"Tassano encabez\u00f3 con Polich y dem\u00e1s candidatos de Vamos Corrientes una reuni\u00f3n en Apicc"},"content":{"rendered":"\n<p><em>El intendente -quien encabeza la lista a diputados provinciales- asisti\u00f3 junto con el candidato a sucederlo en la Intendencia; el compa\u00f1ero de f\u00f3rmula, Ariel B\u00e1ez; y al primero en la lista de concejales, el actual viceintendente Emilio Lanari, a un encuentro con directivos de la entidad. Coincidieron en seguir el trabajo conjunto por el desarrollo comercial y laboral en la ciudad.<\/em><\/p>\n\n\n\n<figure class=\"wp-block-table\"><table class=\"has-fixed-layout\"><tbody><tr><td>Con el fin de escuchar propuestas y analizar temas centrales del sector, en busca de continuar con el desarrollo econ\u00f3mico de la ciudad y la generaci\u00f3n de empleo, en la ma\u00f1ana de este mi\u00e9rcoles&nbsp;el intendente Eduardo Tassano mantuvo un encuentro con integrantes de la comisi\u00f3n directiva de la Asociaci\u00f3n de la Producci\u00f3n, Industria y Comercio de Corrientes (Apicc).<br>Estuvo junto con el candidato a sucederlo de Vamos Corrientes, Claudio Polich; su compa\u00f1ero de f\u00f3rmula como vice, Ariel B\u00e1ez; y el primero en la lista de concejales, el actual viceintendente Emilio Lanari.<br>La reuni\u00f3n se llev\u00f3 a cabo en la sede la entidad empresaria correntina, representada por varios integrantes de la comisi\u00f3n directiva y encabezados por su presidente, Augusto Massochi.<br>Tambi\u00e9n asistieron los secretarios municipales de Desarrollo Econ\u00f3mico, Francisco Ingaramo y el de Ambiente y Desarrollo Sustentable, Ignacio Maldonado Yonna.<br>En el encuentro analizaron problem\u00e1ticas del sector comercial y delinearon acciones para una futura gesti\u00f3n articulada. Tambi\u00e9n tuvo como eje la proyecci\u00f3n de una agenda conjunta para la pr\u00f3xima gesti\u00f3n municipal, abordando temas vinculados al comercio, ordenamiento urbano, empleo joven y fortalecimiento del v\u00ednculo p\u00fablico-privado.<br><br>DESARROLLO COMERCIAL<br>\u201cLa instituci\u00f3n quer\u00eda tomar contacto con nuestros candidatos y tambi\u00e9n tener la oportunidad de agradecer todos estos a\u00f1os de trabajo conjunto con el Municipio, en que nosotros pusimos todo el empe\u00f1o para mejorar el comercio de la ciudad. Y, realmente, en estos a\u00f1os Corrientes tom\u00f3 una dimensi\u00f3n comercial importante que no ten\u00eda: hoy hay un camino y un futuro a seguir, y de ah\u00ed la interconexi\u00f3n con los candidatos\u201d, explic\u00f3 Tassano al concluir el encuentro.<br>\u201cTratamos diversos temas y proyectos, pero fundamentalmente coincidimos en seguir teniendo un Estado que genere facilidades para desarrollo comercial: eso es trabajo para los correntinos\u201d, acentu\u00f3 en el final el intendente, quien es tambi\u00e9n candidato a diputado provincial en primer t\u00e9rmino.<br><br>TAREA CONJUNTA<br>Por su parte, el candidato a intendente Claudio Polich, actual ministro de Obras y servicios P\u00fablicos de la Provincia, marc\u00f3 que se trat\u00f3 de \u201cuna reuni\u00f3n muy importante, con determinados planteos gremiales del sector que hace al funcionamiento y la generaci\u00f3n de empleo en la ciudad. Un sector muy importante en la econom\u00eda como el comercio\u201d, valor\u00f3.<br>\u201cTambi\u00e9n analizamos algunas cuestiones que debemos trabajar juntos para un mejor desarrollo comercial. Y plantearon asuntos que demandan soluciones. Debemos tratarlos juntos para el desarrollo comercial y la inversi\u00f3n en el sector\u201d, apunt\u00f3.<br><br>AN\u00c1LISIS DE PROYECTOS<br>En tanto, el titular de Apicc, Augusto Massochi, manifest\u00f3 que \u201cen casi una hora y media planteamos toda la problem\u00e1tica del comercio en la ciudad. Hablamos de distintos temas, escuchamos las posturas de los candidatos y analizamos los proyectos que estamos trabajando y su continuidad\u201d, indic\u00f3.<br>\u201cSiempre tuvimos buena comunicaci\u00f3n con el Municipio\u201d, valor\u00f3 Massochi sobre la gesti\u00f3n de Tassano y concluy\u00f3: \u201cNuestra casa est\u00e1 abierta a todos\u201d.<\/td><\/tr><\/tbody><\/table><\/figure>\n\n\n\n<figure class=\"wp-block-table\"><table class=\"has-fixed-layout\"><tbody><tr><td>REUNI\u00d3N EN APICC-MATERIAL PARA TV<br><a href=\"https:\/\/ciudaddecorrientes.us12.list-manage.com\/track\/click?u=253e4bcff71216c6af771c3c9&amp;id=5c1fe03512&amp;e=17643edfa8\" target=\"_blank\" rel=\"noreferrer noopener\">https:\/\/youtu.be\/TAyORSn9-Sg<\/a><br>&nbsp;<\/td><\/tr><\/tbody><\/table><\/figure>\n\n\n\n<figure class=\"wp-block-image size-large\"><img loading=\"lazy\" decoding=\"async\" width=\"1024\" height=\"682\" src=\"https:\/\/corrientesdetarde.com\/wp-content\/uploads\/2025\/07\/image-728-1024x682.png\" alt=\"\" class=\"wp-image-218594\" srcset=\"https:\/\/corrientesdetarde.com\/wp-content\/uploads\/2025\/07\/image-728-1024x682.png 1024w, https:\/\/corrientesdetarde.com\/wp-content\/uploads\/2025\/07\/image-728-300x200.png 300w, https:\/\/corrientesdetarde.com\/wp-content\/uploads\/2025\/07\/image-728-768x512.png 768w, https:\/\/corrientesdetarde.com\/wp-content\/uploads\/2025\/07\/image-728.png 1280w\" sizes=\"auto, (max-width: 1024px) 100vw, 1024px\" \/><\/figure>\n\n\n\n<figure class=\"wp-block-image size-large\"><img loading=\"lazy\" decoding=\"async\" width=\"1024\" height=\"682\" src=\"https:\/\/corrientesdetarde.com\/wp-content\/uploads\/2025\/07\/image-729-1024x682.png\" alt=\"\" class=\"wp-image-218595\" srcset=\"https:\/\/corrientesdetarde.com\/wp-content\/uploads\/2025\/07\/image-729-1024x682.png 1024w, https:\/\/corrientesdetarde.com\/wp-content\/uploads\/2025\/07\/image-729-300x200.png 300w, https:\/\/corrientesdetarde.com\/wp-content\/uploads\/2025\/07\/image-729-768x512.png 768w, https:\/\/corrientesdetarde.com\/wp-content\/uploads\/2025\/07\/image-729.png 1280w\" sizes=\"auto, (max-width: 1024px) 100vw, 1024px\" \/><\/figure>\n","protected":false},"excerpt":{"rendered":"<p>El intendente -quien encabeza la lista a diputados provinciales- asisti\u00f3 junto con el candidato a sucederlo en la Intendencia; el compa\u00f1ero de f\u00f3rmula, Ariel B\u00e1ez; y al primero en la&hellip; <\/p>\n","protected":false},"author":8,"featured_media":218593,"comment_status":"closed","ping_status":"open","sticky":false,"template":"","format":"standard","meta":{"footnotes":""},"categories":[17],"tags":[],"class_list":["post-218592","post","type-post","status-publish","format-standard","has-post-thumbnail","hentry","category-sociales"],"_links":{"self":[{"href":"https:\/\/corrientesdetarde.com\/index.php\/wp-json\/wp\/v2\/posts\/218592","targetHints":{"allow":["GET"]}}],"collection":[{"href":"https:\/\/corrientesdetarde.com\/index.php\/wp-json\/wp\/v2\/posts"}],"about":[{"href":"https:\/\/corrientesdetarde.com\/index.php\/wp-json\/wp\/v2\/types\/post"}],"author":[{"embeddable":true,"href":"https:\/\/corrientesdetarde.com\/index.php\/wp-json\/wp\/v2\/users\/8"}],"replies":[{"embeddable":true,"href":"https:\/\/corrientesdetarde.com\/index.php\/wp-json\/wp\/v2\/comments?post=218592"}],"version-history":[{"count":1,"href":"https:\/\/corrientesdetarde.com\/index.php\/wp-json\/wp\/v2\/posts\/218592\/revisions"}],"predecessor-version":[{"id":218596,"href":"https:\/\/corrientesdetarde.com\/index.php\/wp-json\/wp\/v2\/posts\/218592\/revisions\/218596"}],"wp:featuredmedia":[{"embeddable":true,"href":"https:\/\/corrientesdetarde.com\/index.php\/wp-json\/wp\/v2\/media\/218593"}],"wp:attachment":[{"href":"https:\/\/corrientesdetarde.com\/index.php\/wp-json\/wp\/v2\/media?parent=218592"}],"wp:term":[{"taxonomy":"category","embeddable":true,"href":"https:\/\/corrientesdetarde.com\/index.php\/wp-json\/wp\/v2\/categories?post=218592"},{"taxonomy":"post_tag","embeddable":true,"href":"https:\/\/corrientesdetarde.com\/index.php\/wp-json\/wp\/v2\/tags?post=218592"}],"curies":[{"name":"wp","href":"https:\/\/api.w.org\/{rel}","templated":true}]}}