{"id":218767,"date":"2025-07-24T13:41:10","date_gmt":"2025-07-24T16:41:10","guid":{"rendered":"https:\/\/corrientesdetarde.com\/?p=218767"},"modified":"2025-07-24T13:41:14","modified_gmt":"2025-07-24T16:41:14","slug":"tassano-mostro-a-polich-el-trabajo-en-saps-la-atencion-en-salud-es-un-bastion-de-nuestra-gestion-resalto","status":"publish","type":"post","link":"https:\/\/corrientesdetarde.com\/index.php\/sociales\/tassano-mostro-a-polich-el-trabajo-en-saps-la-atencion-en-salud-es-un-bastion-de-nuestra-gestion-resalto\/","title":{"rendered":"Tassano mostr\u00f3 a Polich el trabajo en SAPS: \u201cLa atenci\u00f3n en salud es un basti\u00f3n de nuestra gesti\u00f3n\u201d, resalt\u00f3"},"content":{"rendered":"\n<p><em>El intendente y el candidato a sucederlo por Vamos Corrientes, estuvieron en la Sala de Atenci\u00f3n Primaria de la Salud \u201cDr. Miguel Sussini\u201d, en donde se mostr\u00f3 en detalle el funcionamiento de todo el sistema sanitario municipal. En total funcionan 37 SAPS en la ciudad, con m\u00faltiples servicios para los vecinos.<\/em><\/p>\n\n\n\n<p>En una nueva jornada de labor conjunta, el intendente Eduardo Tassano acompa\u00f1\u00f3 al candidato a sucederlo por la alianza Vamos Corrientes, Claudio Polich, y a su compa\u00f1ero de f\u00f3rmula, Ariel B\u00e1ez, en una visita a la Sala de Atenci\u00f3n Primaria de la Salud (SAPS) \u201cDr. Miguel Sussini\u201d, ubicada en avenida 3 de Abril casi Chaco.<br>En la ocasi\u00f3n, junto con el viceintendente Emilio Lanari y el secretario de Salud municipal, Rafael Corona, Tassano detall\u00f3 el funcionamiento no solo del lugar, sino de todo el sistema sanitario municipal. Actualmente, la red sanitaria bajo jurisdicci\u00f3n comunal abarca un total de 37 SAPS en distintos barrios de la ciudad, conformando una red que descentraliza el acceso a la salud, garantizando la accesibilidad de cada vecino.<br>La gesti\u00f3n por dos per\u00edodos consecutivos de Tassano y su viceintendente, Emilio Lanari (quien es tambi\u00e9n candidato a primer concejal), aplicaron una especial pol\u00edtica sanitaria para reforzar y ampliar la red de SAPS, aportando tambi\u00e9n modernizaci\u00f3n y nuevos y mejores servicios.<br>En este sentido, se incorpor\u00f3 turnero web, Historia Cl\u00ednica Digital y el portal del paciente, posibilitando un tr\u00e1mite m\u00e1s \u00e1gil y r\u00e1pido para la ciudadan\u00eda.<br>Tambi\u00e9n se sum\u00f3 una importante inversi\u00f3n en infraestructura, con mejoras edilicias, edificios nuevos y nuevo equipamiento.<br>En las SAPS se brindan servicios variados y para ello se incorporaron recursos humanos, contando actualmente con m\u00e9dicos itinerantes, otorrinolaring\u00f3logos, ecografistas, odont\u00f3logos y cardi\u00f3logos. Asimismo, se trabaja en programas de promoci\u00f3n de la salud y en proyectos articulados con Salud P\u00fablica de la Provincia y la Universidad Nacional de Nordeste (Unne).<br><br>\u201cBASTI\u00d3N DE LA GESTI\u00d3N\u201d<br>\u201cEn esta ocasi\u00f3n, interiorizamos a Claudio Polich y a Ariel B\u00e1ez de todo el trabajo en salud que se hizo durante todos estos a\u00f1os. En nuestra gesti\u00f3n, partimos de una situaci\u00f3n muy precaria y hoy tenemos 37 salas funcionando, con dos ambulancias y un sistema de referencia, atendiendo a gran parte de la poblaci\u00f3n de Corrientes. Y en los barrios m\u00e1s humildes, el centro \u00fanico de referencia lo constituye las salas de atenci\u00f3n perif\u00e9rica de la Municipalidad\u201d, resalt\u00f3 el intendente tras la visita con Polich.<br>En este sentido, subray\u00f3 tambi\u00e9n que \u201ctodo este trabajo, por supuesto, fue complementado con el desempe\u00f1o de un equipo m\u00e9dico talentoso y con mucha garra, conformado por m\u00e9dicos, kinesi\u00f3logos, odont\u00f3logos, enfermeros, administrativos y dem\u00e1s personal, con quienes hemos hecho de la atenci\u00f3n en salud municipal un basti\u00f3n de nuestra gesti\u00f3n\u201d, concluy\u00f3 Tassano, quien adem\u00e1s es ahora candidato a diputado provincial.<br><br>CONTINUIDAD DE LAS MEJORAS<br>Por su parte, el candidato a intendente y actual ministro de Obras y Servicios P\u00fablicos de la Provincia, Claudio Polich, se\u00f1al\u00f3 que \u201cestamos tomando conocimiento en profundidad del funcionamiento de las salas, en compa\u00f1\u00eda del intendente y todo el equipo municipal de gobierno. Hablamos de algunas cuestiones que sabemos que existen y son buenas, pero tambi\u00e9n interioriz\u00e1ndonos en c\u00f3mo mejorar a\u00fan m\u00e1s el buen servicio que est\u00e1 brindando la Municipalidad en cada \u00e1rea\u201d.<\/p>\n\n\n\n<figure class=\"wp-block-embed is-type-video is-provider-youtube wp-block-embed-youtube wp-embed-aspect-16-9 wp-has-aspect-ratio\"><div class=\"wp-block-embed__wrapper\">\n<iframe loading=\"lazy\" title=\"Tassano mostr\u00f3 a Polich el trabajo en SAPS: \u201cLa atenci\u00f3n en salud es un basti\u00f3n de nuestra gesti\u00f3n\u201d\" width=\"1110\" height=\"624\" src=\"https:\/\/www.youtube.com\/embed\/i0UEpBmSC_0?feature=oembed\" frameborder=\"0\" allow=\"accelerometer; autoplay; clipboard-write; encrypted-media; gyroscope; picture-in-picture; web-share\" referrerpolicy=\"strict-origin-when-cross-origin\" allowfullscreen><\/iframe>\n<\/div><\/figure>\n\n\n\n<figure class=\"wp-block-image size-large\"><img loading=\"lazy\" decoding=\"async\" width=\"1024\" height=\"682\" src=\"https:\/\/corrientesdetarde.com\/wp-content\/uploads\/2025\/07\/image-788-1024x682.png\" alt=\"\" class=\"wp-image-218768\" srcset=\"https:\/\/corrientesdetarde.com\/wp-content\/uploads\/2025\/07\/image-788-1024x682.png 1024w, https:\/\/corrientesdetarde.com\/wp-content\/uploads\/2025\/07\/image-788-300x200.png 300w, https:\/\/corrientesdetarde.com\/wp-content\/uploads\/2025\/07\/image-788-768x512.png 768w, https:\/\/corrientesdetarde.com\/wp-content\/uploads\/2025\/07\/image-788.png 1280w\" sizes=\"auto, (max-width: 1024px) 100vw, 1024px\" \/><\/figure>\n\n\n\n<figure class=\"wp-block-image size-large\"><img loading=\"lazy\" decoding=\"async\" width=\"1024\" height=\"682\" src=\"https:\/\/corrientesdetarde.com\/wp-content\/uploads\/2025\/07\/image-789-1024x682.png\" alt=\"\" class=\"wp-image-218769\" srcset=\"https:\/\/corrientesdetarde.com\/wp-content\/uploads\/2025\/07\/image-789-1024x682.png 1024w, https:\/\/corrientesdetarde.com\/wp-content\/uploads\/2025\/07\/image-789-300x200.png 300w, https:\/\/corrientesdetarde.com\/wp-content\/uploads\/2025\/07\/image-789-768x512.png 768w, https:\/\/corrientesdetarde.com\/wp-content\/uploads\/2025\/07\/image-789.png 1280w\" sizes=\"auto, (max-width: 1024px) 100vw, 1024px\" \/><\/figure>\n\n\n\n<figure class=\"wp-block-image size-large\"><img loading=\"lazy\" decoding=\"async\" width=\"1024\" height=\"682\" src=\"https:\/\/corrientesdetarde.com\/wp-content\/uploads\/2025\/07\/image-790-1024x682.png\" alt=\"\" class=\"wp-image-218770\" srcset=\"https:\/\/corrientesdetarde.com\/wp-content\/uploads\/2025\/07\/image-790-1024x682.png 1024w, https:\/\/corrientesdetarde.com\/wp-content\/uploads\/2025\/07\/image-790-300x200.png 300w, https:\/\/corrientesdetarde.com\/wp-content\/uploads\/2025\/07\/image-790-768x512.png 768w, https:\/\/corrientesdetarde.com\/wp-content\/uploads\/2025\/07\/image-790.png 1280w\" sizes=\"auto, (max-width: 1024px) 100vw, 1024px\" \/><\/figure>\n\n\n\n<figure class=\"wp-block-image size-large\"><img loading=\"lazy\" decoding=\"async\" width=\"1024\" height=\"682\" src=\"https:\/\/corrientesdetarde.com\/wp-content\/uploads\/2025\/07\/image-791-1024x682.png\" alt=\"\" class=\"wp-image-218771\" srcset=\"https:\/\/corrientesdetarde.com\/wp-content\/uploads\/2025\/07\/image-791-1024x682.png 1024w, https:\/\/corrientesdetarde.com\/wp-content\/uploads\/2025\/07\/image-791-300x200.png 300w, https:\/\/corrientesdetarde.com\/wp-content\/uploads\/2025\/07\/image-791-768x512.png 768w, https:\/\/corrientesdetarde.com\/wp-content\/uploads\/2025\/07\/image-791.png 1280w\" sizes=\"auto, (max-width: 1024px) 100vw, 1024px\" \/><\/figure>\n\n\n\n<figure class=\"wp-block-image size-large\"><img loading=\"lazy\" decoding=\"async\" width=\"1024\" height=\"682\" src=\"https:\/\/corrientesdetarde.com\/wp-content\/uploads\/2025\/07\/image-792-1024x682.png\" alt=\"\" class=\"wp-image-218772\" srcset=\"https:\/\/corrientesdetarde.com\/wp-content\/uploads\/2025\/07\/image-792-1024x682.png 1024w, https:\/\/corrientesdetarde.com\/wp-content\/uploads\/2025\/07\/image-792-300x200.png 300w, https:\/\/corrientesdetarde.com\/wp-content\/uploads\/2025\/07\/image-792-768x512.png 768w, https:\/\/corrientesdetarde.com\/wp-content\/uploads\/2025\/07\/image-792.png 1280w\" sizes=\"auto, (max-width: 1024px) 100vw, 1024px\" \/><\/figure>\n\n\n\n<figure class=\"wp-block-image size-large\"><img loading=\"lazy\" decoding=\"async\" width=\"1024\" height=\"682\" src=\"https:\/\/corrientesdetarde.com\/wp-content\/uploads\/2025\/07\/image-793-1024x682.png\" alt=\"\" class=\"wp-image-218773\" srcset=\"https:\/\/corrientesdetarde.com\/wp-content\/uploads\/2025\/07\/image-793-1024x682.png 1024w, https:\/\/corrientesdetarde.com\/wp-content\/uploads\/2025\/07\/image-793-300x200.png 300w, https:\/\/corrientesdetarde.com\/wp-content\/uploads\/2025\/07\/image-793-768x512.png 768w, https:\/\/corrientesdetarde.com\/wp-content\/uploads\/2025\/07\/image-793.png 1280w\" sizes=\"auto, (max-width: 1024px) 100vw, 1024px\" \/><\/figure>\n","protected":false},"excerpt":{"rendered":"<p>El intendente y el candidato a sucederlo por Vamos Corrientes, estuvieron en la Sala de Atenci\u00f3n Primaria de la Salud \u201cDr. Miguel Sussini\u201d, en donde se mostr\u00f3 en detalle el&hellip; <\/p>\n","protected":false},"author":8,"featured_media":218772,"comment_status":"closed","ping_status":"open","sticky":false,"template":"","format":"standard","meta":{"footnotes":""},"categories":[17],"tags":[],"class_list":["post-218767","post","type-post","status-publish","format-standard","has-post-thumbnail","hentry","category-sociales"],"_links":{"self":[{"href":"https:\/\/corrientesdetarde.com\/index.php\/wp-json\/wp\/v2\/posts\/218767","targetHints":{"allow":["GET"]}}],"collection":[{"href":"https:\/\/corrientesdetarde.com\/index.php\/wp-json\/wp\/v2\/posts"}],"about":[{"href":"https:\/\/corrientesdetarde.com\/index.php\/wp-json\/wp\/v2\/types\/post"}],"author":[{"embeddable":true,"href":"https:\/\/corrientesdetarde.com\/index.php\/wp-json\/wp\/v2\/users\/8"}],"replies":[{"embeddable":true,"href":"https:\/\/corrientesdetarde.com\/index.php\/wp-json\/wp\/v2\/comments?post=218767"}],"version-history":[{"count":1,"href":"https:\/\/corrientesdetarde.com\/index.php\/wp-json\/wp\/v2\/posts\/218767\/revisions"}],"predecessor-version":[{"id":218774,"href":"https:\/\/corrientesdetarde.com\/index.php\/wp-json\/wp\/v2\/posts\/218767\/revisions\/218774"}],"wp:featuredmedia":[{"embeddable":true,"href":"https:\/\/corrientesdetarde.com\/index.php\/wp-json\/wp\/v2\/media\/218772"}],"wp:attachment":[{"href":"https:\/\/corrientesdetarde.com\/index.php\/wp-json\/wp\/v2\/media?parent=218767"}],"wp:term":[{"taxonomy":"category","embeddable":true,"href":"https:\/\/corrientesdetarde.com\/index.php\/wp-json\/wp\/v2\/categories?post=218767"},{"taxonomy":"post_tag","embeddable":true,"href":"https:\/\/corrientesdetarde.com\/index.php\/wp-json\/wp\/v2\/tags?post=218767"}],"curies":[{"name":"wp","href":"https:\/\/api.w.org\/{rel}","templated":true}]}}