{"id":218796,"date":"2025-07-24T14:53:01","date_gmt":"2025-07-24T17:53:01","guid":{"rendered":"https:\/\/corrientesdetarde.com\/?p=218796"},"modified":"2025-07-24T14:53:05","modified_gmt":"2025-07-24T17:53:05","slug":"el-gobierno-minimizo-el-informe-del-fmi-que-alerto-sobre-el-nivel-de-reservas-no-tenemos-problemas","status":"publish","type":"post","link":"https:\/\/corrientesdetarde.com\/index.php\/economia\/el-gobierno-minimizo-el-informe-del-fmi-que-alerto-sobre-el-nivel-de-reservas-no-tenemos-problemas\/","title":{"rendered":"El Gobierno minimiz\u00f3 el informe del FMI que alert\u00f3 sobre el nivel de reservas: \u201cNo tenemos problemas\u201d"},"content":{"rendered":"\n<p>Manuel Adorni tom\u00f3 distancia de la advertencia que hizo el Fondo esta semana. \u201cNosotros trabajamos para reconstruir el nivel\u201d, asegur\u00f3 Luis Caputo.<\/p>\n\n\n\n<p>El Gobierno le baj\u00f3 el tono al\u00a0informe del\u00a0<strong>Fondo Monetario Internacional (FMI)<\/strong>\u00a0que advirti\u00f3 que la Argentina debe sumar reservasy avanzar con reformas clave. \u201c<strong>No hay ning\u00fan problema con la acumulaci\u00f3n de reservas<\/strong>\u201d, asegur\u00f3 este jueves el vocero presidencial,\u00a0<strong>Manuel Adorni<\/strong>, en conferencia de prensa.<\/p>\n\n\n\n<p>El ministro de Econom\u00eda,\u00a0<strong>Luis Caputo<\/strong>, tambi\u00e9n se refiri\u00f3 al reporte y neg\u00f3 que haya existido alguna advertencia por parte del Fondo. \u201c<strong>Nosotros trabajamos para reconstruir el nivel de reservas<\/strong>.Hoy ten\u00e9s al Banco Central mejor capitalizado que nunca&#8221;, asegur\u00f3.<\/p>\n\n\n\n<p>El FMI dio a conocer este martes el relevamiento sobre el sector externo de distintos pa\u00edses y le dedic\u00f3 un apartado a la Argentina. Sostuvo que la posici\u00f3n externa en 2024&nbsp;<strong>fue m\u00e1s d\u00e9bil<\/strong>&nbsp;que el nivel que implicaban los fundamentos econ\u00f3micos a mediano plazo y las pol\u00edticas deseables.<\/p>\n\n\n\n<p>El organismo destac\u00f3 los fundamentos econ\u00f3micos mejoraron desde finales de 2023, momento en el que asumi\u00f3 el presidente Javier Milei, pero resalt\u00f3 que las reservas internacionales netas se mantienen<strong>&nbsp;\u201ccr\u00edticamente bajas\u201d<\/strong>.<\/p>\n\n\n\n<figure class=\"wp-block-image\"><img decoding=\"async\" src=\"https:\/\/tn.com.ar\/resizer\/v2\/el-gobierno-desestimo-el-informe-del-fmi-acerca-de-la-acumulacion-de-reservas-no-tenemos-problemas-foto-x-kgeorgieva-YHKOOGKMHFBYTAECNLFSP76L24.jpg?auth=5d9a5b9199f5a398e9209f784c8d96d51291e580d7832907940bf3bcc36edea5&amp;width=767\" alt=\"El Gobierno desestim\u00f3 el informe del FMI acerca de la acumulaci\u00f3n de reservas: \u201cNo tenemos problemas\u201d (Foto: X \/ @KGeorgieva)\"\/><\/figure>\n\n\n\n<p>Frente a ello, la Casa Rosada tom\u00f3 distancia de la advertencia que lanz\u00f3 el FMI. \u201cTendr\u00e1 que decir el Fondo si estamos cumpliendo o no.<strong>&nbsp;Nosotros decimos que no tenemos problemas con la acumulaci\u00f3n de reservas<\/strong>\u201d, puntualiz\u00f3 Adorni.<\/p>\n\n\n\n<p>Y plante\u00f3: \u201cEn un esquema de bandas donde no se hace intervenci\u00f3n,&nbsp;<strong>no hay manera de tomar reservas porque el mercado es libre<\/strong>. En un esquema libre nunca deber\u00edas tener problemas con la acumulaci\u00f3n de reservas&#8221;.<\/p>\n\n\n\n<h2 class=\"wp-block-heading\">El FMI afirm\u00f3 que est\u00e1 muy avanzada la primera revisi\u00f3n del acuerdo t\u00e9cnico con la Argentina<\/h2>\n\n\n\n<p>El\u00a0Fondo Monetario Internacional (<strong>FMI<\/strong>)\u00a0dijo este jueves que la<strong>\u00a0primera revisi\u00f3n del acuerdo<\/strong>\u00a0con la Argentina est\u00e1\u00a0<strong>muy avanzada<\/strong>\u00a0y anticip\u00f3 que\u00a0<strong>muy pronto<\/strong>\u00a0se alcanzar\u00e1 un entendimiento t\u00e9cnico. As\u00ed lo comunic\u00f3\u00a0<strong>Julie Kozack<\/strong>, la portavoz del organismo.<\/p>\n\n\n\n<p>\u201c<strong>Creemos que puede suceder muy pronto<\/strong>. El programa tuvo un comienzo s\u00f3lido\u201d, afirm\u00f3 Kozack en su habitual conferencia de prensa, aunque no detall\u00f3 la fecha exacta para ese anuncio ni tampoco sobre cu\u00e1ndo puede reunirse para tratarlo y aprobarlo el directorio ejecutivo del FMI.<\/p>\n\n\n\n<figure class=\"wp-block-image\"><img decoding=\"async\" src=\"https:\/\/tn.com.ar\/resizer\/v2\/el-fmi-afirmo-que-esta-muy-avanzada-la-primera-revision-del-acuerdo-tecnico-con-la-argentina-foto-reuters-ken-cedeno-ZIIK43JHDJFALLUTCSMCFYWGUE.png?auth=5202460d045edc9badd4d7dfe69b5cb60fb5b1fd82a7318b277f3e83bfbd7813&amp;width=767\" alt=\"El FMI afirm\u00f3 que est\u00e1 muy avanzada la primera revisi\u00f3n del acuerdo t\u00e9cnico con la Argentina. (Foto: Reuters \/ Ken Cedeno)\"\/><\/figure>\n\n\n\n<p>La gesti\u00f3n de Javier Milei espera que las autoridades liberen el desembolso por&nbsp;<strong>US$2000 millones<\/strong>&nbsp;como parte del acuerdo firmado en abril.<\/p>\n\n\n\n<p>La funcionaria del FMI enumer\u00f3 los pasos que dio el Gobierno en el marco del acuerdo sellado en abril y destac\u00f3 que el pa\u00eds volvi\u00f3 a acceder a los mercados internacionales de capital&nbsp;<strong>\u201cantes de lo previsto inicialmente&nbsp;<\/strong>en el marco del programa\u201d. Y abund\u00f3: \u201cNuestro personal t\u00e9cnico y las autoridades est\u00e1n&nbsp;<strong>muy involucrados<\/strong>\u201d.<\/p>\n\n\n\n<p><strong>Kozack<\/strong>&nbsp;evit\u00f3 detallar cu\u00e1ndo se concretar\u00e1 la&nbsp;<strong>reuni\u00f3n formal&nbsp;<\/strong>del directorio ejecutivo (<em>board<\/em>) para tratar y aprobar la primera revisi\u00f3n del acuerdo. Ese punto es clave para saber cu\u00e1ndo llegar\u00eda el giro de los US$2000 millones a las reservas del&nbsp;<strong>Banco Central&nbsp;<\/strong>(BCRA).<\/p>\n","protected":false},"excerpt":{"rendered":"<p>Manuel Adorni tom\u00f3 distancia de la advertencia que hizo el Fondo esta semana. \u201cNosotros trabajamos para reconstruir el nivel\u201d, asegur\u00f3 Luis Caputo. El Gobierno le baj\u00f3 el tono al\u00a0informe del\u00a0Fondo&hellip; <\/p>\n","protected":false},"author":8,"featured_media":218797,"comment_status":"closed","ping_status":"open","sticky":false,"template":"","format":"standard","meta":{"footnotes":""},"categories":[20],"tags":[],"class_list":["post-218796","post","type-post","status-publish","format-standard","has-post-thumbnail","hentry","category-economia"],"_links":{"self":[{"href":"https:\/\/corrientesdetarde.com\/index.php\/wp-json\/wp\/v2\/posts\/218796","targetHints":{"allow":["GET"]}}],"collection":[{"href":"https:\/\/corrientesdetarde.com\/index.php\/wp-json\/wp\/v2\/posts"}],"about":[{"href":"https:\/\/corrientesdetarde.com\/index.php\/wp-json\/wp\/v2\/types\/post"}],"author":[{"embeddable":true,"href":"https:\/\/corrientesdetarde.com\/index.php\/wp-json\/wp\/v2\/users\/8"}],"replies":[{"embeddable":true,"href":"https:\/\/corrientesdetarde.com\/index.php\/wp-json\/wp\/v2\/comments?post=218796"}],"version-history":[{"count":1,"href":"https:\/\/corrientesdetarde.com\/index.php\/wp-json\/wp\/v2\/posts\/218796\/revisions"}],"predecessor-version":[{"id":218798,"href":"https:\/\/corrientesdetarde.com\/index.php\/wp-json\/wp\/v2\/posts\/218796\/revisions\/218798"}],"wp:featuredmedia":[{"embeddable":true,"href":"https:\/\/corrientesdetarde.com\/index.php\/wp-json\/wp\/v2\/media\/218797"}],"wp:attachment":[{"href":"https:\/\/corrientesdetarde.com\/index.php\/wp-json\/wp\/v2\/media?parent=218796"}],"wp:term":[{"taxonomy":"category","embeddable":true,"href":"https:\/\/corrientesdetarde.com\/index.php\/wp-json\/wp\/v2\/categories?post=218796"},{"taxonomy":"post_tag","embeddable":true,"href":"https:\/\/corrientesdetarde.com\/index.php\/wp-json\/wp\/v2\/tags?post=218796"}],"curies":[{"name":"wp","href":"https:\/\/api.w.org\/{rel}","templated":true}]}}