{"id":218805,"date":"2025-07-24T15:15:04","date_gmt":"2025-07-24T18:15:04","guid":{"rendered":"https:\/\/corrientesdetarde.com\/?p=218805"},"modified":"2025-07-24T15:15:16","modified_gmt":"2025-07-24T18:15:16","slug":"river-sigue-activo-en-el-mercado-de-pases-presento-a-los-dos-refuerzos-mas-pedidos-por-marcelo-gallardo","status":"publish","type":"post","link":"https:\/\/corrientesdetarde.com\/index.php\/deportes\/river-sigue-activo-en-el-mercado-de-pases-presento-a-los-dos-refuerzos-mas-pedidos-por-marcelo-gallardo\/","title":{"rendered":"River sigue activo en el mercado de pases: present\u00f3 a los dos refuerzos m\u00e1s pedidos por Marcelo Gallardo"},"content":{"rendered":"\n<p>A trav\u00e9s de las redes sociales, el Millonario les dio la bienvenida a Juan Carlos Portillo y Mat\u00edas Galarza Fonda.<\/p>\n\n\n\n<p><strong>River<\/strong>\u00a0sigue armando su equipo para el segundo semestre y en las \u00faltimas horas present\u00f3 a\u00a0<strong>sus nuevos refuerzos<\/strong>:\u00a0<strong>Juan Carlos Portillo y Mat\u00edas Galarza Fonda\u00a0<\/strong>superaron la revisi\u00f3n m\u00e9dica, firmaron su contrato y posaron en el Monumental junto a\u00a0<strong>Marcelo Gallardo<\/strong>.<\/p>\n\n\n\n<p>\u201cJunto al Presidente Jorge Brito, al Secretario General Stefano Di Carlo y al director t\u00e9cnico, Marcelo Gallardo, Juan Carlos Portillo firm\u00f3 su contrato y se convirti\u00f3 en nuevo jugador del Club. \u00a1Con todo, Juan!\u201c, escribieron en las redes sociales del Millonario para presentar al volante central en primer lugar.<\/p>\n\n\n\n<figure class=\"wp-block-image\"><img decoding=\"async\" src=\"https:\/\/tn.com.ar\/resizer\/v2\/juan-carlos-portillo-fue-presentado-como-nuevo-refuerzo-de-river-junto-a-marcelo-gallardo-jorge-brito-y-stefano-di-carlo-foto-riverplate-FE7WXIDVE5F4DGFLMYLK3P3P3Q.jfif?auth=ee818cd26b2ad496ac7c59785cff5a2c2fc6d75842fc9469f24b76537c707604&amp;width=767\" alt=\"Juan Carlos Portillo fue presentado como nuevo refuerzo de River junto a Marcelo Gallardo, Jorge Brito y Stefano Di Carlo. (Foto: @RiverPlate)\"\/><\/figure>\n\n\n\n<p>El futbolista llega desde Talleres y fue muy pedido por Marcelo Gallardo, que destac\u00f3 su figura en la \u00faltima conferencia de prensa tras el triunfo ante Instituto.<\/p>\n\n\n\n<p>\u201cLa b\u00fasqueda era un jugador que nos diera esa cualidad.&nbsp;<strong>Me gusta su polifuncionalidad<\/strong>, me gusta como juega de centrocampista y que pueda hacerlo de central por derecha, por izquierda, como lateral.&nbsp;<strong>Estoy contento de que tanto \u00e9l como Mat\u00edas Galarza puedan sumarse al plantel<\/strong>\u201c, afirm\u00f3 el Mu\u00f1eco.<\/p>\n\n\n\n<p>Horas m\u00e1s tarde, publicaron el posteo sobre Galarza Fonda y le dieron la bienvenida con los hinchas. \u201cBienvenido al M\u00e1s Grande, Mat\u00edas\u201d, escribieron junto a la foto protocolar.<\/p>\n\n\n\n<figure class=\"wp-block-image\"><img decoding=\"async\" src=\"https:\/\/tn.com.ar\/resizer\/v2\/matias-galarza-fonda-fue-presentando-como-nuevo-jugador-de-river-foto-riverplateig-YDOF3EIIHJFBHFKANPRBKMTRCU.jpg?auth=d04a45bc0fe54c28848739ef2559917d341b34d9d9e9e2357433739aa5b3a1f1&amp;width=767\" alt=\"Mat\u00edas Galarza Fonda fue presentando como nuevo jugador de River. (Foto: RiverPlate\/IG)\"\/><\/figure>\n\n\n\n<p>Ambos podr\u00edan estar a disposici\u00f3n de Gallardo para el pr\u00f3ximo partido del Millonario, que ser\u00e1 este domingo desde las 20.30 ante San Lorenzo en el estadio Monumental por la tercera fecha del Torneo Clausura.<\/p>\n","protected":false},"excerpt":{"rendered":"<p>A trav\u00e9s de las redes sociales, el Millonario les dio la bienvenida a Juan Carlos Portillo y Mat\u00edas Galarza Fonda. River\u00a0sigue armando su equipo para el segundo semestre y en&hellip; <\/p>\n","protected":false},"author":8,"featured_media":218806,"comment_status":"closed","ping_status":"open","sticky":false,"template":"","format":"standard","meta":{"footnotes":""},"categories":[4],"tags":[],"class_list":["post-218805","post","type-post","status-publish","format-standard","has-post-thumbnail","hentry","category-deportes"],"_links":{"self":[{"href":"https:\/\/corrientesdetarde.com\/index.php\/wp-json\/wp\/v2\/posts\/218805","targetHints":{"allow":["GET"]}}],"collection":[{"href":"https:\/\/corrientesdetarde.com\/index.php\/wp-json\/wp\/v2\/posts"}],"about":[{"href":"https:\/\/corrientesdetarde.com\/index.php\/wp-json\/wp\/v2\/types\/post"}],"author":[{"embeddable":true,"href":"https:\/\/corrientesdetarde.com\/index.php\/wp-json\/wp\/v2\/users\/8"}],"replies":[{"embeddable":true,"href":"https:\/\/corrientesdetarde.com\/index.php\/wp-json\/wp\/v2\/comments?post=218805"}],"version-history":[{"count":1,"href":"https:\/\/corrientesdetarde.com\/index.php\/wp-json\/wp\/v2\/posts\/218805\/revisions"}],"predecessor-version":[{"id":218807,"href":"https:\/\/corrientesdetarde.com\/index.php\/wp-json\/wp\/v2\/posts\/218805\/revisions\/218807"}],"wp:featuredmedia":[{"embeddable":true,"href":"https:\/\/corrientesdetarde.com\/index.php\/wp-json\/wp\/v2\/media\/218806"}],"wp:attachment":[{"href":"https:\/\/corrientesdetarde.com\/index.php\/wp-json\/wp\/v2\/media?parent=218805"}],"wp:term":[{"taxonomy":"category","embeddable":true,"href":"https:\/\/corrientesdetarde.com\/index.php\/wp-json\/wp\/v2\/categories?post=218805"},{"taxonomy":"post_tag","embeddable":true,"href":"https:\/\/corrientesdetarde.com\/index.php\/wp-json\/wp\/v2\/tags?post=218805"}],"curies":[{"name":"wp","href":"https:\/\/api.w.org\/{rel}","templated":true}]}}