{"id":218824,"date":"2025-07-24T16:05:59","date_gmt":"2025-07-24T19:05:59","guid":{"rendered":"https:\/\/corrientesdetarde.com\/?p=218824"},"modified":"2025-07-24T16:06:10","modified_gmt":"2025-07-24T19:06:10","slug":"en-medio-de-tensiones-con-nacion-gobernadores-reclamaron-un-modelo-federal-y-terminar-con-las-retenciones","status":"publish","type":"post","link":"https:\/\/corrientesdetarde.com\/index.php\/politica\/en-medio-de-tensiones-con-nacion-gobernadores-reclamaron-un-modelo-federal-y-terminar-con-las-retenciones\/","title":{"rendered":"En medio de tensiones con Naci\u00f3n, gobernadores reclamaron \u201cun modelo federal\u201d y terminar con las retenciones"},"content":{"rendered":"\n<p>Los mandatarios de C\u00f3rdoba, Entre R\u00edos y Santa Fe se reunieron este jueves y se mostraron cr\u00edticos con la gesti\u00f3n de Javier Milei. \u201cSentimos que Ejecutivo se insiste en meterle la mano al campo\u201d, remarcaron.<\/p>\n\n\n\n<p>Este jueves se reunieron los gobernadores Maximiliano Pullaro (Santa Fe), Mart\u00edn Llaryora (C\u00f3rdoba) y Rogelio Frigerio (Entre R\u00edos) y volvieron a pedir por\u00a0<strong>\u201cel fin de las retenciones\u201d<\/strong>. Adem\u00e1s, reclamaron al gobierno de\u00a0<strong>Javier Milei<\/strong> adoptar \u201cun modelo m\u00e1s federal\u201d.<\/p>\n\n\n\n<p>\u201cSentimos que desde el Gobierno Nacional<strong>&nbsp;se insiste en meterle la mano al campo<\/strong>. Por eso,<strong>&nbsp;pedimos que se terminen las retenciones<\/strong>, no queremos una rebaja ni un recorte temporal. Esos recursos se los lleva la Naci\u00f3n y no vuelven en rutas, energ\u00eda ni servicios. Cada vez hay m\u00e1s recortes, pero&nbsp;<strong>las provincias seguimos haci\u00e9ndonos cargo<\/strong>\u201d, enfatiz\u00f3 Pullaro.<\/p>\n\n\n\n<p>Con el lema \u201cRegi\u00f3n Centro, donde late el federalismo argentino\u201d, este jueves se llev\u00f3 a cabo en C\u00f3rdoba la XIX Reuni\u00f3n Institucional de la Regi\u00f3n Centro. All\u00ed, Pullaro manifest\u00f3 que el Estado nacional deber\u00eda asumir un rol coordinador en materia educativa, y advirti\u00f3 que sin aprendizajes y sin un sistema robusto \u201cno hay una Argentina posible\u201d.<\/p>\n\n\n\n<p>Por su parte, Llaryora valor\u00f3 que, pese a pertenecer a partidos distintos, los tres mandatarios puedan trabajar en conjunto sin confrontaciones.&nbsp;<strong>\u201cSi en la Capital y en el pa\u00eds imitaran esto, nos ir\u00eda mucho mejor\u201d,&nbsp;<\/strong>afirm\u00f3. Adem\u00e1s, consider\u00f3 que la Regi\u00f3n Centro cobra un nuevo impulso frente a un gobierno nacional que<strong>&nbsp;\u201cse desentiende de muchas cuestiones\u201d,<\/strong>&nbsp;y anunci\u00f3 que, a partir de ahora, contar\u00e1 con \u00f3rganos ejecutivos permanentes para tomar decisiones y mejorar la calidad de vida de la poblaci\u00f3n.<\/p>\n\n\n\n<p>A su turno, Frigerio subray\u00f3: \u201cLa historia y los valores que nos unen: el trabajo, el esfuerzo y el m\u00e9rito. Si el desarrollo del pa\u00eds se basara en estos principios, la Argentina ser\u00eda distinta.&nbsp;<strong>En el apoyo al campo est\u00e1 el futuro del pa\u00eds<\/strong>, y eso es lo que queremos poner en valor como Regi\u00f3n\u201d.<\/p>\n\n\n\n<p>\u201cEl delito hoy no distingue fronteras provinciales. Por eso, debemos articular un comando conjunto con el Gobierno Nacional para ser eficientes en materia investigativa y no darle espacio al crimen organizado\u201d, sostuvo Pullaro, al tiempo que resalt\u00f3 el trabajo conjunto que llevan adelante en las provincias de la Regi\u00f3n Centro.<\/p>\n\n\n\n<p>Del encuentro participaron integrantes de los gabinetes provinciales, legisladores y representantes de organizaciones de la sociedad civil. En el plano institucional, se puso en marcha una Agencia Regional de Evaluaci\u00f3n Educativa conjunta y se conformaron 21 mesas permanentes correspondientes a distintas \u00e1reas ministeriales.<\/p>\n","protected":false},"excerpt":{"rendered":"<p>Los mandatarios de C\u00f3rdoba, Entre R\u00edos y Santa Fe se reunieron este jueves y se mostraron cr\u00edticos con la gesti\u00f3n de Javier Milei. \u201cSentimos que Ejecutivo se insiste en meterle&hellip; <\/p>\n","protected":false},"author":8,"featured_media":218825,"comment_status":"closed","ping_status":"open","sticky":false,"template":"","format":"standard","meta":{"footnotes":""},"categories":[3],"tags":[],"class_list":["post-218824","post","type-post","status-publish","format-standard","has-post-thumbnail","hentry","category-politica"],"_links":{"self":[{"href":"https:\/\/corrientesdetarde.com\/index.php\/wp-json\/wp\/v2\/posts\/218824","targetHints":{"allow":["GET"]}}],"collection":[{"href":"https:\/\/corrientesdetarde.com\/index.php\/wp-json\/wp\/v2\/posts"}],"about":[{"href":"https:\/\/corrientesdetarde.com\/index.php\/wp-json\/wp\/v2\/types\/post"}],"author":[{"embeddable":true,"href":"https:\/\/corrientesdetarde.com\/index.php\/wp-json\/wp\/v2\/users\/8"}],"replies":[{"embeddable":true,"href":"https:\/\/corrientesdetarde.com\/index.php\/wp-json\/wp\/v2\/comments?post=218824"}],"version-history":[{"count":1,"href":"https:\/\/corrientesdetarde.com\/index.php\/wp-json\/wp\/v2\/posts\/218824\/revisions"}],"predecessor-version":[{"id":218826,"href":"https:\/\/corrientesdetarde.com\/index.php\/wp-json\/wp\/v2\/posts\/218824\/revisions\/218826"}],"wp:featuredmedia":[{"embeddable":true,"href":"https:\/\/corrientesdetarde.com\/index.php\/wp-json\/wp\/v2\/media\/218825"}],"wp:attachment":[{"href":"https:\/\/corrientesdetarde.com\/index.php\/wp-json\/wp\/v2\/media?parent=218824"}],"wp:term":[{"taxonomy":"category","embeddable":true,"href":"https:\/\/corrientesdetarde.com\/index.php\/wp-json\/wp\/v2\/categories?post=218824"},{"taxonomy":"post_tag","embeddable":true,"href":"https:\/\/corrientesdetarde.com\/index.php\/wp-json\/wp\/v2\/tags?post=218824"}],"curies":[{"name":"wp","href":"https:\/\/api.w.org\/{rel}","templated":true}]}}