{"id":218836,"date":"2025-07-24T22:29:41","date_gmt":"2025-07-25T01:29:41","guid":{"rendered":"https:\/\/corrientesdetarde.com\/?p=218836"},"modified":"2025-07-24T22:29:46","modified_gmt":"2025-07-25T01:29:46","slug":"presentacion-de-la-12a-feria-del-libro-de-caa-cati-cuna-de-poetas","status":"publish","type":"post","link":"https:\/\/corrientesdetarde.com\/index.php\/cultura\/presentacion-de-la-12a-feria-del-libro-de-caa-cati-cuna-de-poetas\/","title":{"rendered":"Presentaci\u00f3n de la 12\u00aa Feria del Libro de Ca\u00e1 Cat\u00ed, Cuna de Poetas"},"content":{"rendered":"\n<p><\/p>\n\n\n\n<p>Este viernes 25, a las 11, en el Patio de la Cultura Marit\u00e9 Salas del Instituto de Cultura de la Provincia se realizar\u00e1 la presentaci\u00f3n oficial de la 12\u00aa Feria del Libro de Ca\u00e1 Cat\u00ed, a desarrollarse del 1 al 3 de agosto en la localidad conocida como Cuna de Poetas. Se dar\u00e1 a conocer la intensa agenda de actividades prevista, que incluye presentaciones de libro, charlas, conferencias, cine y distintas propuestas musicales.<\/p>\n\n\n\n<p>La presidente del Instituto de Cultura de Corrientes, Beatriz Kunin, el intendente de Ca\u00e1 Cat\u00ed, Dr. Jorge Meza y el secretario de Cultura, Mat\u00edas Geneyro, ser\u00e1n los encargados de brindar detalles de este encuentro de escritores correntinos y sus lectores, que tendr\u00e1 como lema \u201c\ud835\uddec\ud835\ude03\ud835\ude06\ud835\ude01\ud835\ude06&nbsp;\ud835\uddde\ud835\uddee&#8217;\ud835\uddee&nbsp;\ud835\uddde\ud835\uddee\ud835\ude01\u0129\u201d, que es el nombre m\u00e1s antiguo del que se tiene registro de la localidad. En la lengua guaran\u00ed se refiere a&nbsp;<em>\u201clomas altas con olor vaporoso y fuerte de sus plantas originales\u201d<\/em>, y aparece en una cr\u00f3nica del a\u00f1o 1637 de dos pares jesuitas, Pedro Domenech y Juan Sixto.<\/p>\n\n\n\n<p>Desde la organizaci\u00f3n de la Feria del Libro de Ca\u00e1 Cat\u00ed eligieron este lema para visibilizar y reforzar el v\u00ednculo de lo guaran\u00edtico con la comunidad. Y ser\u00e1 adem\u00e1s el principal eje tem\u00e1tico de la jornada inaugural con exposiciones sobre el legado guaran\u00ed-jesu\u00edtico, la c\u00e1tedra Guaran\u00ed de la UNNE y la participaci\u00f3n de invitados de Paraguay.<\/p>\n\n\n\n<p><\/p>\n","protected":false},"excerpt":{"rendered":"<p>Este viernes 25, a las 11, en el Patio de la Cultura Marit\u00e9 Salas del Instituto de Cultura de la Provincia se realizar\u00e1 la presentaci\u00f3n oficial de la 12\u00aa Feria&hellip; <\/p>\n","protected":false},"author":4,"featured_media":218838,"comment_status":"closed","ping_status":"open","sticky":false,"template":"","format":"standard","meta":{"footnotes":""},"categories":[23,15],"tags":[],"class_list":["post-218836","post","type-post","status-publish","format-standard","has-post-thumbnail","hentry","category-actualidad","category-cultura"],"_links":{"self":[{"href":"https:\/\/corrientesdetarde.com\/index.php\/wp-json\/wp\/v2\/posts\/218836","targetHints":{"allow":["GET"]}}],"collection":[{"href":"https:\/\/corrientesdetarde.com\/index.php\/wp-json\/wp\/v2\/posts"}],"about":[{"href":"https:\/\/corrientesdetarde.com\/index.php\/wp-json\/wp\/v2\/types\/post"}],"author":[{"embeddable":true,"href":"https:\/\/corrientesdetarde.com\/index.php\/wp-json\/wp\/v2\/users\/4"}],"replies":[{"embeddable":true,"href":"https:\/\/corrientesdetarde.com\/index.php\/wp-json\/wp\/v2\/comments?post=218836"}],"version-history":[{"count":1,"href":"https:\/\/corrientesdetarde.com\/index.php\/wp-json\/wp\/v2\/posts\/218836\/revisions"}],"predecessor-version":[{"id":218839,"href":"https:\/\/corrientesdetarde.com\/index.php\/wp-json\/wp\/v2\/posts\/218836\/revisions\/218839"}],"wp:featuredmedia":[{"embeddable":true,"href":"https:\/\/corrientesdetarde.com\/index.php\/wp-json\/wp\/v2\/media\/218838"}],"wp:attachment":[{"href":"https:\/\/corrientesdetarde.com\/index.php\/wp-json\/wp\/v2\/media?parent=218836"}],"wp:term":[{"taxonomy":"category","embeddable":true,"href":"https:\/\/corrientesdetarde.com\/index.php\/wp-json\/wp\/v2\/categories?post=218836"},{"taxonomy":"post_tag","embeddable":true,"href":"https:\/\/corrientesdetarde.com\/index.php\/wp-json\/wp\/v2\/tags?post=218836"}],"curies":[{"name":"wp","href":"https:\/\/api.w.org\/{rel}","templated":true}]}}