{"id":218840,"date":"2025-07-24T22:56:33","date_gmt":"2025-07-25T01:56:33","guid":{"rendered":"https:\/\/corrientesdetarde.com\/?p=218840"},"modified":"2025-07-24T22:56:38","modified_gmt":"2025-07-25T01:56:38","slug":"se-entregan-modulos-de-alimentos-para-celiacos","status":"publish","type":"post","link":"https:\/\/corrientesdetarde.com\/index.php\/destacados\/se-entregan-modulos-de-alimentos-para-celiacos\/","title":{"rendered":"Se entregan m\u00f3dulos de alimentos para cel\u00edacos"},"content":{"rendered":"\n<p>Este jueves 24,&nbsp;&nbsp;comenz\u00f3&nbsp;la entrega de m\u00f3dulos alimentarios para cel\u00edacos en el dep\u00f3sito del Ministerio de Desarrollo Social del barrio Apip\u00e9, y continuar\u00e1 el viernes 25 de 8 a 12.&nbsp;<\/p>\n\n\n\n<p>La Direcci\u00f3n de Seguridad Alimentaria, a cargo de Lucas Carballo, hace entrega de m\u00f3dulos alimentarios a beneficiarios del &#8220;Programa de Apoyo Nutricional para Personas Cel\u00edacas\u201d. Ya son m\u00e1s de 1700 cel\u00edacos de todo el territorio provincial reciben m\u00f3dulos alimentarios con productos sin gluten en forma gratuita.<\/p>\n","protected":false},"excerpt":{"rendered":"<p>Este jueves 24,&nbsp;&nbsp;comenz\u00f3&nbsp;la entrega de m\u00f3dulos alimentarios para cel\u00edacos en el dep\u00f3sito del Ministerio de Desarrollo Social del barrio Apip\u00e9, y continuar\u00e1 el viernes 25 de 8 a 12.&nbsp; La&hellip; <\/p>\n","protected":false},"author":4,"featured_media":218841,"comment_status":"closed","ping_status":"open","sticky":false,"template":"","format":"standard","meta":{"footnotes":""},"categories":[26],"tags":[],"class_list":["post-218840","post","type-post","status-publish","format-standard","has-post-thumbnail","hentry","category-destacados"],"_links":{"self":[{"href":"https:\/\/corrientesdetarde.com\/index.php\/wp-json\/wp\/v2\/posts\/218840","targetHints":{"allow":["GET"]}}],"collection":[{"href":"https:\/\/corrientesdetarde.com\/index.php\/wp-json\/wp\/v2\/posts"}],"about":[{"href":"https:\/\/corrientesdetarde.com\/index.php\/wp-json\/wp\/v2\/types\/post"}],"author":[{"embeddable":true,"href":"https:\/\/corrientesdetarde.com\/index.php\/wp-json\/wp\/v2\/users\/4"}],"replies":[{"embeddable":true,"href":"https:\/\/corrientesdetarde.com\/index.php\/wp-json\/wp\/v2\/comments?post=218840"}],"version-history":[{"count":1,"href":"https:\/\/corrientesdetarde.com\/index.php\/wp-json\/wp\/v2\/posts\/218840\/revisions"}],"predecessor-version":[{"id":218842,"href":"https:\/\/corrientesdetarde.com\/index.php\/wp-json\/wp\/v2\/posts\/218840\/revisions\/218842"}],"wp:featuredmedia":[{"embeddable":true,"href":"https:\/\/corrientesdetarde.com\/index.php\/wp-json\/wp\/v2\/media\/218841"}],"wp:attachment":[{"href":"https:\/\/corrientesdetarde.com\/index.php\/wp-json\/wp\/v2\/media?parent=218840"}],"wp:term":[{"taxonomy":"category","embeddable":true,"href":"https:\/\/corrientesdetarde.com\/index.php\/wp-json\/wp\/v2\/categories?post=218840"},{"taxonomy":"post_tag","embeddable":true,"href":"https:\/\/corrientesdetarde.com\/index.php\/wp-json\/wp\/v2\/tags?post=218840"}],"curies":[{"name":"wp","href":"https:\/\/api.w.org\/{rel}","templated":true}]}}