{"id":218846,"date":"2025-07-24T23:13:51","date_gmt":"2025-07-25T02:13:51","guid":{"rendered":"https:\/\/corrientesdetarde.com\/?p=218846"},"modified":"2025-07-24T23:14:03","modified_gmt":"2025-07-25T02:14:03","slug":"los-candidatos-polich-y-baez-recorrieron-el-com-y-la-sala-dr-sussini-junto-a-tassano-y-lanari","status":"publish","type":"post","link":"https:\/\/corrientesdetarde.com\/index.php\/politica\/los-candidatos-polich-y-baez-recorrieron-el-com-y-la-sala-dr-sussini-junto-a-tassano-y-lanari\/","title":{"rendered":"Los candidatos Polich y B\u00e1ez recorrieron\u00a0el COM y la sala \u201cDr. Sussini\u201d junto a Tassano y Lanari"},"content":{"rendered":"\n<p>&nbsp;El intendente Eduardo Tassano y el viceintendente Emilio Lanari realizaron un recorrido junto a los candidatos a la futura gesti\u00f3n municipal, Claudio Polich y Ariel B\u00e1ez, por dos espacios clave de la ciudad: el Centro de Operaciones y Monitoreo (COM) y la Sala de Atenci\u00f3n Primaria de la Salud \u201cDr. Miguel Sussini\u201d.&nbsp;<\/p>\n\n\n\n<p>La visita tuvo como objetivo constatar el funcionamiento actual de ambos servicios y permitir que los futuros referentes se interioricen de manera directa sobre las herramientas que brinda el Municipio en materia de seguridad y salud p\u00fablica.<\/p>\n\n\n\n<p>En el COM, se expusieron los avances alcanzados en los \u00faltimos a\u00f1os en cuanto a videovigilancia, con una expansi\u00f3n significativa: se pas\u00f3 de 40 c\u00e1maras activas al inicio de la actual gesti\u00f3n a casi 600 hoy en d\u00eda, muchas de ellas con tecnolog\u00eda 4K.&nbsp;<\/p>\n\n\n\n<p>Se proyecta cerrar el a\u00f1o con cerca de 700 c\u00e1maras instaladas en toda la ciudad, incluyendo zonas alejadas del centro. Adem\u00e1s, se destac\u00f3 la articulaci\u00f3n permanente con la Polic\u00eda de la Provincia, el servicio 107, Bomberos y dem\u00e1s organismos de emergencia, lo que fortalece la prevenci\u00f3n y la seguridad.<\/p>\n\n\n\n<p>En paralelo, las autoridades recorrieron la renovada Sala de Atenci\u00f3n Primaria de la Salud (SAPS), donde se realiz\u00f3 una transformaci\u00f3n total en infraestructura y equipamiento. Se habilitaron nuevos servicios como ecograf\u00eda, ginecolog\u00eda, pediatr\u00eda y oftalmolog\u00eda, adem\u00e1s de reforzarse la atenci\u00f3n para personas sin obra social a trav\u00e9s del programa SUMAR.&nbsp;<\/p>\n\n\n\n<p>El centro cuenta con historia cl\u00ednica digital, turnero web y portal del paciente, facilitando el acceso de los vecinos a sus estudios y turnos m\u00e9dicos. Tambi\u00e9n se sumaron dos nuevas ambulancias, una de ellas destinada espec\u00edficamente a este centro para derivaciones de mayor complejidad.<\/p>\n","protected":false},"excerpt":{"rendered":"<p>&nbsp;El intendente Eduardo Tassano y el viceintendente Emilio Lanari realizaron un recorrido junto a los candidatos a la futura gesti\u00f3n municipal, Claudio Polich y Ariel B\u00e1ez, por dos espacios clave&hellip; <\/p>\n","protected":false},"author":4,"featured_media":218847,"comment_status":"closed","ping_status":"open","sticky":false,"template":"","format":"standard","meta":{"footnotes":""},"categories":[3],"tags":[],"class_list":["post-218846","post","type-post","status-publish","format-standard","has-post-thumbnail","hentry","category-politica"],"_links":{"self":[{"href":"https:\/\/corrientesdetarde.com\/index.php\/wp-json\/wp\/v2\/posts\/218846","targetHints":{"allow":["GET"]}}],"collection":[{"href":"https:\/\/corrientesdetarde.com\/index.php\/wp-json\/wp\/v2\/posts"}],"about":[{"href":"https:\/\/corrientesdetarde.com\/index.php\/wp-json\/wp\/v2\/types\/post"}],"author":[{"embeddable":true,"href":"https:\/\/corrientesdetarde.com\/index.php\/wp-json\/wp\/v2\/users\/4"}],"replies":[{"embeddable":true,"href":"https:\/\/corrientesdetarde.com\/index.php\/wp-json\/wp\/v2\/comments?post=218846"}],"version-history":[{"count":1,"href":"https:\/\/corrientesdetarde.com\/index.php\/wp-json\/wp\/v2\/posts\/218846\/revisions"}],"predecessor-version":[{"id":218848,"href":"https:\/\/corrientesdetarde.com\/index.php\/wp-json\/wp\/v2\/posts\/218846\/revisions\/218848"}],"wp:featuredmedia":[{"embeddable":true,"href":"https:\/\/corrientesdetarde.com\/index.php\/wp-json\/wp\/v2\/media\/218847"}],"wp:attachment":[{"href":"https:\/\/corrientesdetarde.com\/index.php\/wp-json\/wp\/v2\/media?parent=218846"}],"wp:term":[{"taxonomy":"category","embeddable":true,"href":"https:\/\/corrientesdetarde.com\/index.php\/wp-json\/wp\/v2\/categories?post=218846"},{"taxonomy":"post_tag","embeddable":true,"href":"https:\/\/corrientesdetarde.com\/index.php\/wp-json\/wp\/v2\/tags?post=218846"}],"curies":[{"name":"wp","href":"https:\/\/api.w.org\/{rel}","templated":true}]}}