{"id":218849,"date":"2025-07-24T23:42:38","date_gmt":"2025-07-25T02:42:38","guid":{"rendered":"https:\/\/corrientesdetarde.com\/?p=218849"},"modified":"2025-07-24T23:42:49","modified_gmt":"2025-07-25T02:42:49","slug":"valdes-visitara-itati-para-cumplir-con-agenda-oficial","status":"publish","type":"post","link":"https:\/\/corrientesdetarde.com\/index.php\/actualidad\/valdes-visitara-itati-para-cumplir-con-agenda-oficial\/","title":{"rendered":"Vald\u00e9s visitar\u00e1 Itat\u00ed para cumplir con agenda oficial"},"content":{"rendered":"\n<p><\/p>\n\n\n\n<p>El gobernador Gustavo Vald\u00e9s llegar\u00e1 este viernes por la tarde a Itat\u00ed, para cumplir con agenda oficial. En ese marco entregar\u00e1 viviendas e inaugurar\u00e1 diferentes obras.<\/p>\n\n\n\n<p>A las 17 horas, entregar\u00e1 viviendas del Programa O\u00f1ondiv\u00e9 y bienes de capital del Programa \u201cEmprendedores Somos Todos\u201d en la Municipalidad. Mientras que a las 18, inaugurar\u00e1 la puesta en valor e iluminaci\u00f3n del ex muelle y paseo costero, consistente en 10 cuadras de cord\u00f3n cuneta, 1000 metros de red cloacal nueva y 1000 metros de alumbrado p\u00fablico, en un acto que tendr\u00e1 lugar en 25 de mayo y Roque Gonz\u00e1lez de Santa Cruz.&nbsp;<\/p>\n","protected":false},"excerpt":{"rendered":"<p>El gobernador Gustavo Vald\u00e9s llegar\u00e1 este viernes por la tarde a Itat\u00ed, para cumplir con agenda oficial. En ese marco entregar\u00e1 viviendas e inaugurar\u00e1 diferentes obras. A las 17 horas,&hellip; <\/p>\n","protected":false},"author":4,"featured_media":218850,"comment_status":"closed","ping_status":"open","sticky":false,"template":"","format":"standard","meta":{"footnotes":""},"categories":[23],"tags":[],"class_list":["post-218849","post","type-post","status-publish","format-standard","has-post-thumbnail","hentry","category-actualidad"],"_links":{"self":[{"href":"https:\/\/corrientesdetarde.com\/index.php\/wp-json\/wp\/v2\/posts\/218849","targetHints":{"allow":["GET"]}}],"collection":[{"href":"https:\/\/corrientesdetarde.com\/index.php\/wp-json\/wp\/v2\/posts"}],"about":[{"href":"https:\/\/corrientesdetarde.com\/index.php\/wp-json\/wp\/v2\/types\/post"}],"author":[{"embeddable":true,"href":"https:\/\/corrientesdetarde.com\/index.php\/wp-json\/wp\/v2\/users\/4"}],"replies":[{"embeddable":true,"href":"https:\/\/corrientesdetarde.com\/index.php\/wp-json\/wp\/v2\/comments?post=218849"}],"version-history":[{"count":1,"href":"https:\/\/corrientesdetarde.com\/index.php\/wp-json\/wp\/v2\/posts\/218849\/revisions"}],"predecessor-version":[{"id":218851,"href":"https:\/\/corrientesdetarde.com\/index.php\/wp-json\/wp\/v2\/posts\/218849\/revisions\/218851"}],"wp:featuredmedia":[{"embeddable":true,"href":"https:\/\/corrientesdetarde.com\/index.php\/wp-json\/wp\/v2\/media\/218850"}],"wp:attachment":[{"href":"https:\/\/corrientesdetarde.com\/index.php\/wp-json\/wp\/v2\/media?parent=218849"}],"wp:term":[{"taxonomy":"category","embeddable":true,"href":"https:\/\/corrientesdetarde.com\/index.php\/wp-json\/wp\/v2\/categories?post=218849"},{"taxonomy":"post_tag","embeddable":true,"href":"https:\/\/corrientesdetarde.com\/index.php\/wp-json\/wp\/v2\/tags?post=218849"}],"curies":[{"name":"wp","href":"https:\/\/api.w.org\/{rel}","templated":true}]}}