{"id":218902,"date":"2025-07-25T09:00:24","date_gmt":"2025-07-25T12:00:24","guid":{"rendered":"https:\/\/corrientesdetarde.com\/?p=218902"},"modified":"2025-07-25T09:00:37","modified_gmt":"2025-07-25T12:00:37","slug":"ropa-y-calzado-entre-los-articulos-con-menor-impacto-inflacionario","status":"publish","type":"post","link":"https:\/\/corrientesdetarde.com\/index.php\/economia\/ropa-y-calzado-entre-los-articulos-con-menor-impacto-inflacionario\/","title":{"rendered":"Ropa y calzado, entre los art\u00edculos con menor impacto inflacionario"},"content":{"rendered":"\n<p>Entre enero y fines de junio, las prendas de vestir, los zapatos y zapatillas acumularon subas que promediaron el 8,4%, casi un 5% por debajo de la inflaci\u00f3n regional, que en el primer semestre fue del 13,2%. El mes pasado, el aumento en ese binomio fue de apenas el 0,9%.<\/p>\n\n\n\n<p>El \u00cdndice de Precios al Consumidor (IPC) del Nordeste (Corrientes, Chaco, Misiones y Formosa), difundido por el Instituto Nacional de Estad\u00edstica y Censos (INDEC), expuso que en junio las &#8220;Prendas de vestir y el calzado&#8221; registraron un encarecimiento de s\u00f3lo el 0,9%, siendo este uno de los binomios (entre los 12 rubros medidos por el organismo estatal) que marc\u00f3 el menor nivel de remarca, solo superado por &#8220;Alimentos y bebidas sin alcohol&#8221; con el 0% y &#8220;Transporte&#8221; con el 0,6%.<\/p>\n\n\n\n<p>Si se los subdivide, el IPC refleja que las prendas de vestir sufrieron una inflaci\u00f3n del 0,5% y el calzado del 2%.<\/p>\n\n\n\n<p>No obstante, desde enero y hasta fines de junio, en Corrientes, Chaco, Misiones y Formosa, la ropa ya registr\u00f3 una remarca del 7,8% y el calzado 9,9% (8,4% en conjunto).<\/p>\n\n\n\n<p>Por \u00faltimo, en la tercera unidad de medici\u00f3n semblanteada por el INDEC, el comparativo interanual postul\u00f3 que en los \u00faltimos 12 meses, la indumentaria sufri\u00f3 una inflaci\u00f3n del 34,2% y el calzado 30,4% (33% promedio conjunto).<\/p>\n\n\n\n<p>Aunque el ritmo inflacionario mensual se desaceler\u00f3, los aumentos acumulados contin\u00faan reflejando un fuerte impacto sobre los consumidores del NEA. En resumen, aunque los datos mensuales permiten cierto alivio, el acumulado anual e interanual sigue evidenciando el peso de la inflaci\u00f3n en el rubro textil y de calzado, especialmente en una regi\u00f3n como el NEA, donde los ingresos son m\u00e1s bajos que el promedio nacional.<\/p>\n\n\n\n<p>A nivel nacional, el comportamiento del rubro &#8220;Prendas de vestir y calzado&#8221; sigue la misma tendencia de desaceleraci\u00f3n observada en el Nordeste. En junio, la suba fue apenas del 0,5%, ubic\u00e1ndose entre las m\u00e1s bajas del mes. Sin embargo, el incremento acumulado en lo que va del a\u00f1o alcanz\u00f3 el 9,9%, y la inflaci\u00f3n interanual se ubic\u00f3 en 30,6%.<\/p>\n\n\n\n<figure class=\"wp-block-image\"><img decoding=\"async\" src=\"https:\/\/www.diarioepoca.com\/content\/bucket\/6\/1440496w380h269c.jpg.webp\" alt=\"\"\/><\/figure>\n\n\n\n<p>Estos datos reflejan que, si bien la presi\u00f3n inflacionaria sobre la indumentaria se moder\u00f3 considerablemente en los \u00faltimos meses, el impacto de los aumentos a\u00fan persiste en los bolsillos, sobre todo si se consideran los valores del \u00faltimo a\u00f1o.<\/p>\n\n\n\n<p>La ca\u00edda del consumo, la competencia de la ropa importada \u0097especialmente v\u00eda courier\u0097 y la estabilizaci\u00f3n cambiaria explican, en parte, esta contenci\u00f3n de precios. Sin embargo, el panorama sigue siendo complejo para la industria local, que enfrenta una demanda debilitada y m\u00e1rgenes m\u00e1s estrechos (ver p\u00e1gina 7).<\/p>\n\n\n\n<p>Para contextualizar, es de destacar que en junio el NEA registr\u00f3 una inflaci\u00f3n promedio del 1,1%. Este indicador consolida la tendencia a la baja en la din\u00e1mica de precios que se observa desde comienzos de 2025.<\/p>\n\n\n\n<p>En el acumulado del primer semestre, el encarecimiento del costo de vida en la regi\u00f3n alcanz\u00f3 el 13,2%, mientras que la variaci\u00f3n interanual \u0097de junio 2024 a junio 2025\u0097 trep\u00f3 al 37,1%.<\/p>\n\n\n\n<p>Si bien los indicadores reflejan una desaceleraci\u00f3n significativa respecto a los picos inflacionarios del a\u00f1o pasado, el impacto a\u00fan se siente en el poder adquisitivo.<\/p>\n\n\n\n<p>En ese escenario, la indumentaria y el calzado, aunque con aumentos moderados en junio, siguen arrastrando incrementos m\u00e1s fuertes en el acumulado anual e interanual. En este contexto, la estabilidad de precios a\u00fan no se traduce plenamente en una recuperaci\u00f3n del consumo.<\/p>\n\n\n\n<figure class=\"wp-block-image\"><img decoding=\"async\" src=\"https:\/\/www.diarioepoca.com\/content\/bucket\/7\/1440497w380h190c.jpg.webp\" alt=\"\"\/><figcaption class=\"wp-element-caption\">LAS ZAPATILLAS PRESENTAN M\u00daLTIPLES OFERTAS Y FLEXIBLES PLANES DE PAGO.<\/figcaption><\/figure>\n\n\n\n<h2 class=\"wp-block-heading\">Al abrigo de las ofertas<\/h2>\n\n\n\n<p>Esta semana, \u00e9poca dio cuenta que el sector indumentaria de la peatonal Jun\u00edn comenz\u00f3 a liquidar las prendas de oto\u00f1o-invierno con interesantes descuentos. A su vez destacaron un incremento de la demanda para la temporada que poco a poco entra en su etapa final.<\/p>\n\n\n\n<p>Los negocios de este rubro, emplazados en la principal arter\u00eda comercial, ofrecen descuentos del 20% y 50% en ropas, o promociones al estilo dos por uno.<\/p>\n\n\n\n<p>La comercializaci\u00f3n de indumentaria de estaci\u00f3n no arranc\u00f3 de la mejor manera, pero al parecer con los intensos d\u00edas de fr\u00edo de la segunda quincena de junio y los primeros d\u00edas de julio redondearon un movimiento aceptable.<\/p>\n\n\n\n<p>Las tiendas de calzados tambi\u00e9n tratan de redinamizar su curva de ventas, apelando a ofertas en efectivo, o por la compra de dos pares, o bien planes de pagos accesibles para que todos puedan adquirir zapatos o zapatillas.<\/p>\n","protected":false},"excerpt":{"rendered":"<p>Entre enero y fines de junio, las prendas de vestir, los zapatos y zapatillas acumularon subas que promediaron el 8,4%, casi un 5% por debajo de la inflaci\u00f3n regional, que&hellip; <\/p>\n","protected":false},"author":3,"featured_media":218910,"comment_status":"closed","ping_status":"open","sticky":false,"template":"","format":"standard","meta":{"footnotes":""},"categories":[20],"tags":[],"class_list":["post-218902","post","type-post","status-publish","format-standard","has-post-thumbnail","hentry","category-economia"],"_links":{"self":[{"href":"https:\/\/corrientesdetarde.com\/index.php\/wp-json\/wp\/v2\/posts\/218902","targetHints":{"allow":["GET"]}}],"collection":[{"href":"https:\/\/corrientesdetarde.com\/index.php\/wp-json\/wp\/v2\/posts"}],"about":[{"href":"https:\/\/corrientesdetarde.com\/index.php\/wp-json\/wp\/v2\/types\/post"}],"author":[{"embeddable":true,"href":"https:\/\/corrientesdetarde.com\/index.php\/wp-json\/wp\/v2\/users\/3"}],"replies":[{"embeddable":true,"href":"https:\/\/corrientesdetarde.com\/index.php\/wp-json\/wp\/v2\/comments?post=218902"}],"version-history":[{"count":1,"href":"https:\/\/corrientesdetarde.com\/index.php\/wp-json\/wp\/v2\/posts\/218902\/revisions"}],"predecessor-version":[{"id":218947,"href":"https:\/\/corrientesdetarde.com\/index.php\/wp-json\/wp\/v2\/posts\/218902\/revisions\/218947"}],"wp:featuredmedia":[{"embeddable":true,"href":"https:\/\/corrientesdetarde.com\/index.php\/wp-json\/wp\/v2\/media\/218910"}],"wp:attachment":[{"href":"https:\/\/corrientesdetarde.com\/index.php\/wp-json\/wp\/v2\/media?parent=218902"}],"wp:term":[{"taxonomy":"category","embeddable":true,"href":"https:\/\/corrientesdetarde.com\/index.php\/wp-json\/wp\/v2\/categories?post=218902"},{"taxonomy":"post_tag","embeddable":true,"href":"https:\/\/corrientesdetarde.com\/index.php\/wp-json\/wp\/v2\/tags?post=218902"}],"curies":[{"name":"wp","href":"https:\/\/api.w.org\/{rel}","templated":true}]}}