{"id":218904,"date":"2025-07-25T09:00:27","date_gmt":"2025-07-25T12:00:27","guid":{"rendered":"https:\/\/corrientesdetarde.com\/?p=218904"},"modified":"2025-07-25T09:00:28","modified_gmt":"2025-07-25T12:00:28","slug":"exconvicto-atrapado-con-una-camioneta-robada-en-buenos-aires","status":"publish","type":"post","link":"https:\/\/corrientesdetarde.com\/index.php\/policiales\/exconvicto-atrapado-con-una-camioneta-robada-en-buenos-aires\/","title":{"rendered":"Exconvicto, atrapado con una camioneta robada en Buenos Aires"},"content":{"rendered":"\n<p>Purg\u00f3 pena en una causa federal por narcotr\u00e1fico. Una camioneta mal estacionada sobre la vereda de un comercio lo dej\u00f3 en evidencia ante las autoridades judiciales. No qued\u00f3 detenido, pero s\u00ed supeditado a una causa grave.<\/p>\n\n\n\n<p>Una burda infracci\u00f3n de tr\u00e1nsito y mala convivencia vecinal dej\u00f3 al descubierto a un exconvicto a quien la Polic\u00eda descubri\u00f3 que pose\u00eda una camioneta denunciada como robada en la provincia de Buenos Aires. Dijo que se la hab\u00eda comprado a un &#8220;porte\u00f1o&#8221; por 7 millones de pesos hace una semana y que deb\u00eda pagar una cifra similar cuando trajera los papeles.<\/p>\n\n\n\n<p>El veh\u00edculo, adem\u00e1s presentaba serias adulteraciones en la patente y los papeles que ten\u00eda su &#8220;nuevo due\u00f1o&#8221;.<\/p>\n\n\n\n<p>El procedimiento tuvo lugar ayer alrededor de las 3:10 de la madrugada, cuando efectivos de la Brigada de Investigaciones de la Comisar\u00eda D\u00e9cimo Sexta que realizaban un patrullaje preventivo por su jurisdicci\u00f3n fueron convocados hasta calle Godoy Cruz al 1200, casi Colombre, en el barrio Universitario. Una camioneta Toyota Hilux de color gris doble cabina, se encontraba sobre la vereda interrumpiendo la entrada principal de un comercio.<\/p>\n\n\n\n<figure class=\"wp-block-image\"><img decoding=\"async\" src=\"https:\/\/www.diarioepoca.com\/content\/bucket\/8\/1440508w380h268c.jpg.webp\" alt=\"\"\/><\/figure>\n\n\n\n<p>Hasta el lugar llegaron los oficiales Meza y Zacar\u00edas, pertenecientes a aquella dependencia y lo primero que llam\u00f3 su atenci\u00f3n fue la patente del veh\u00edculo que presentaba algunas anomal\u00edas. Al cruzar esa informaci\u00f3n, se encendieron las alarmas ya que la placa no pertenec\u00eda a un veh\u00edculo de las caracter\u00edsticas de la Hilux.<\/p>\n\n\n\n<p>Minutos despu\u00e9s, se present\u00f3 un hombre identificado como J. F. G\u00f3mez, de 48 a\u00f1os, quien dijo ser el propietario.<\/p>\n\n\n\n<p>Al pedir las explicaciones del caso, el sujeto le dijo a los polic\u00edas que se &#8220;la hab\u00eda comprado hace una semana a un porte\u00f1o a quien le entreg\u00f3 inicialmente 7.000.000 de pesos por el veh\u00edculo y deb\u00eda entregarles otros 8.000.000 de pesos cuando le entreguen todos los papeles&#8221;.<\/p>\n\n\n\n<p>El hombre le mostr\u00f3 a los polic\u00edas una c\u00e9dula del veh\u00edculo que fue lo \u00fanico que le entreg\u00f3 el presunto vendedor. Esta c\u00e9dula indicaba que el rodado pertenec\u00eda a una empresa radicada en la Ciudad Aut\u00f3noma de Buenos Aires, denominada &#8220;Biscayne Servicios S. A&#8221;. Result\u00f3 que la numeraci\u00f3n del chasis que figuraba en la c\u00e9dula no coincid\u00eda con la del veh\u00edculo mal estacionado.<\/p>\n\n\n\n<p>Con las sospechas del caso, los oficiales consultaron aquella numeraci\u00f3n con la base de datos de la Direcci\u00f3n General de Investigaciones Criminales y result\u00f3 que all\u00ed hab\u00eda otra incongruencia grave porque pertenec\u00eda a un veh\u00edculo denunciado como robado en la ciudad de Buenos Aires, al parecer a la misma empresa, y que ten\u00eda un pedido de secuestro vigente ante la Polic\u00eda Federal Argentina, con una causa abierta en la Unidad Fiscal de Investigaciones N\u00b010 del departamento judicial San Mart\u00edn.<\/p>\n\n\n\n<p>Seg\u00fan fuentes oficiales, la camioneta que portaba G\u00f3mez ten\u00eda la patente de un veh\u00edculo y el chasis de otro, ambos pertenecientes a la misma empresa, pero uno de ellos reportado como robado.<\/p>\n\n\n\n<figure class=\"wp-block-image\"><img decoding=\"async\" src=\"https:\/\/www.diarioepoca.com\/content\/bucket\/7\/1440507w380h234c.jpg.webp\" alt=\"\"\/><figcaption class=\"wp-element-caption\">LA CAMIONETA TEN\u00cdA PATENTE Y CHASIS DE DOS VEH\u00cdCULOS DISTINTOS.<\/figcaption><\/figure>\n\n\n\n<p>Esto solo dej\u00f3 al descubierto una maniobra fraudulenta, ya que la c\u00e9dula que pose\u00eda el sujeto claramente era ap\u00f3crifa. Ahora tratan de identificar a los supuestos vendedores.<\/p>\n\n\n\n<p>Los efectivos polic\u00edas notificaron de esta situaci\u00f3n al fiscal en turno Gustavo Alejandro Roubineau, quien orden\u00f3 el secuestro del veh\u00edculo, toda la documentaci\u00f3n que present\u00f3 G\u00f3mez y su demora preventiva hasta aclarar su situaci\u00f3n.<\/p>\n","protected":false},"excerpt":{"rendered":"<p>Purg\u00f3 pena en una causa federal por narcotr\u00e1fico. Una camioneta mal estacionada sobre la vereda de un comercio lo dej\u00f3 en evidencia ante las autoridades judiciales. No qued\u00f3 detenido, pero&hellip; <\/p>\n","protected":false},"author":3,"featured_media":218911,"comment_status":"closed","ping_status":"open","sticky":false,"template":"","format":"standard","meta":{"footnotes":""},"categories":[33],"tags":[],"class_list":["post-218904","post","type-post","status-publish","format-standard","has-post-thumbnail","hentry","category-policiales"],"_links":{"self":[{"href":"https:\/\/corrientesdetarde.com\/index.php\/wp-json\/wp\/v2\/posts\/218904","targetHints":{"allow":["GET"]}}],"collection":[{"href":"https:\/\/corrientesdetarde.com\/index.php\/wp-json\/wp\/v2\/posts"}],"about":[{"href":"https:\/\/corrientesdetarde.com\/index.php\/wp-json\/wp\/v2\/types\/post"}],"author":[{"embeddable":true,"href":"https:\/\/corrientesdetarde.com\/index.php\/wp-json\/wp\/v2\/users\/3"}],"replies":[{"embeddable":true,"href":"https:\/\/corrientesdetarde.com\/index.php\/wp-json\/wp\/v2\/comments?post=218904"}],"version-history":[{"count":1,"href":"https:\/\/corrientesdetarde.com\/index.php\/wp-json\/wp\/v2\/posts\/218904\/revisions"}],"predecessor-version":[{"id":218943,"href":"https:\/\/corrientesdetarde.com\/index.php\/wp-json\/wp\/v2\/posts\/218904\/revisions\/218943"}],"wp:featuredmedia":[{"embeddable":true,"href":"https:\/\/corrientesdetarde.com\/index.php\/wp-json\/wp\/v2\/media\/218911"}],"wp:attachment":[{"href":"https:\/\/corrientesdetarde.com\/index.php\/wp-json\/wp\/v2\/media?parent=218904"}],"wp:term":[{"taxonomy":"category","embeddable":true,"href":"https:\/\/corrientesdetarde.com\/index.php\/wp-json\/wp\/v2\/categories?post=218904"},{"taxonomy":"post_tag","embeddable":true,"href":"https:\/\/corrientesdetarde.com\/index.php\/wp-json\/wp\/v2\/tags?post=218904"}],"curies":[{"name":"wp","href":"https:\/\/api.w.org\/{rel}","templated":true}]}}