{"id":218986,"date":"2025-07-25T19:02:54","date_gmt":"2025-07-25T22:02:54","guid":{"rendered":"https:\/\/corrientesdetarde.com\/?p=218986"},"modified":"2025-07-25T19:03:05","modified_gmt":"2025-07-25T22:03:05","slug":"visita-al-centro-de-operaciones-y-monitoreo-tassano-y-polich-destacaron-la-amplitud-y-calidad-del-sistema","status":"publish","type":"post","link":"https:\/\/corrientesdetarde.com\/index.php\/actualidad\/visita-al-centro-de-operaciones-y-monitoreo-tassano-y-polich-destacaron-la-amplitud-y-calidad-del-sistema\/","title":{"rendered":"Visita al Centro de Operaciones y Monitoreo: Tassano y Polich destacaron la amplitud y calidad del sistema"},"content":{"rendered":"\n<p><em>\u201cContamos con 560 c\u00e1maras y una fundamental atenci\u00f3n al ciudadano, que se recepciona unas 9.000 consultas por mes\u201d, detall\u00f3 el intendente al visitar el COM junto con el candidato a sucederlo por Vamos Corrientes. \u201cGeneramos un centro inteligente, tecnol\u00f3gico y con informaci\u00f3n valiosa para una mejor gesti\u00f3n en la ciudad\u201d, valor\u00f3.<\/em><\/p>\n\n\n\n<figure class=\"wp-block-embed is-type-video is-provider-youtube wp-block-embed-youtube wp-embed-aspect-16-9 wp-has-aspect-ratio\"><div class=\"wp-block-embed__wrapper\">\n<iframe loading=\"lazy\" title=\"Visita al Centro de Operaciones y Monitoreo: Tassano y Polich destacaron la calidad del sistema\" width=\"1110\" height=\"624\" src=\"https:\/\/www.youtube.com\/embed\/KczHoEWIOvY?feature=oembed\" frameborder=\"0\" allow=\"accelerometer; autoplay; clipboard-write; encrypted-media; gyroscope; picture-in-picture; web-share\" referrerpolicy=\"strict-origin-when-cross-origin\" allowfullscreen><\/iframe>\n<\/div><\/figure>\n\n\n\n<p>El intendente Eduardo Tassano y el candidato a sucederlo por la alianza Vamos Corrientes, el actual ministro de Obras y servicios P\u00fablicos de la Provincia, Claudio Polich, visitaron el Centro de Operaciones y Monitoreo (COM) municipal, para ver en detalle el funcionamiento de la central de vigilancia de la ciudad que experiment\u00f3 un amplio desarrollo durante la gesti\u00f3n comunal actual.<br>Se trata de un sistema que apunta a reforzar acciones comunales en seguridad y prevenir el delito, adem\u00e1s de ser un punto estrat\u00e9gico para aportar datos en materia de seguridad vial.<br>Acompa\u00f1ado por funcionarios municipales del \u00e1rea, Tassano explic\u00f3 a Polich y al compa\u00f1ero de f\u00f3rmula, el diputado provincial Ariel B\u00e1ez, especificaciones del COM, donde se monitorean las c\u00e1maras de seguridad instaladas estrat\u00e9gicamente en gran parte de la ciudad.<br>El COM trabaja en conjunto con el 911 de la Polic\u00eda, Tr\u00e1nsito municipal, Bomberos y emergencia m\u00e9dica de la ciudad, entre otros organismos.<br><br>SERVICIO ESTRAT\u00c9GICO<br>\u201cVisitamos el Centro para que Claudio Polich tome un estrecho contacto con este servicio que cuenta con 560 c\u00e1maras y una atenci\u00f3n al ciudadano, en donde se recepciona unos 9.000 por mes. Y hemos generado un centro inteligente, tecnol\u00f3gico y con informaci\u00f3n valiosa para una mejor gesti\u00f3n de la ciudad\u201d, valor\u00f3 el intendente Tassano durante su recorrida por el lugar.<br>\u201cClaudio y Ariel comprendieron lo valioso del sistema y est\u00e1n predispuesto a dar continuidad al servicio, clave en seguridad, control de tr\u00e1nsito y hasta en materia sanitaria\u201d, acentu\u00f3.<br><br>CONTINUIDAD<br>En tanto, Polich coincidi\u00f3 en que \u201ces un servicio muy importante para la seguridad de los vecinos y fundamentalmente para la seguridad vial\u201d.<br>\u201cHay que buscar que cada una de estas acciones y \u00e1reas tengan m\u00e1s importancia, porque es necesario dotar de toda la tecnolog\u00eda para lograr la seguridad vial que necesitamos en Corrientes y bajar los registros de siniestro viales\u201d, subray\u00f3.<br>Finalmente, reconoci\u00f3 que \u201chay un equipo muy comprometido en el Municipio, y eso se nota. Hay un compromiso y calidad en el que atiende y cumple con sus funciones\u201d.<br><br>TRABAJO 24\/7<br>Durante la visita de Tassano, Polich y B\u00e1ez al COM, los acompa\u00f1\u00f3 el secretario de Movilidad y Seguridad municipal, Jorge Sladek.<br>En la oportunidad, el funcionario indic\u00f3 que \u201cno solo mostramos a los candidatos las instalaciones del COM y el servicio que se brinda desde este centro de monitoreo, como sino tambi\u00e9n la inversi\u00f3n que se hizo en estos siete a\u00f1os y medio de la gesti\u00f3n de Tassano y Lanari, y el grupo humano y las prestaciones que brindamos a los vecinos. Es una labor que est\u00e1 vigente 24\/7\u201d, explic\u00f3.<br>Adem\u00e1s, resalt\u00f3 que \u201clos cambios aplicados al sistema durante la gesti\u00f3n municipal, fueron m\u00e1s que significativos. Recibimos un Centro con 40 c\u00e1maras en funcionamiento y hoy estamos cerca de las 600 c\u00e1maras, con tecnolog\u00eda 4k y ubicadas en distintos puntos de la ciudad, abarcando m\u00e1s barrios alejados del centro. Y finalizaremos el a\u00f1o con 700 c\u00e1maras\u201d, subray\u00f3.<\/p>\n","protected":false},"excerpt":{"rendered":"<p>\u201cContamos con 560 c\u00e1maras y una fundamental atenci\u00f3n al ciudadano, que se recepciona unas 9.000 consultas por mes\u201d, detall\u00f3 el intendente al visitar el COM junto con el candidato a&hellip; <\/p>\n","protected":false},"author":4,"featured_media":218993,"comment_status":"closed","ping_status":"open","sticky":false,"template":"","format":"standard","meta":{"footnotes":""},"categories":[23],"tags":[],"class_list":["post-218986","post","type-post","status-publish","format-standard","has-post-thumbnail","hentry","category-actualidad"],"_links":{"self":[{"href":"https:\/\/corrientesdetarde.com\/index.php\/wp-json\/wp\/v2\/posts\/218986","targetHints":{"allow":["GET"]}}],"collection":[{"href":"https:\/\/corrientesdetarde.com\/index.php\/wp-json\/wp\/v2\/posts"}],"about":[{"href":"https:\/\/corrientesdetarde.com\/index.php\/wp-json\/wp\/v2\/types\/post"}],"author":[{"embeddable":true,"href":"https:\/\/corrientesdetarde.com\/index.php\/wp-json\/wp\/v2\/users\/4"}],"replies":[{"embeddable":true,"href":"https:\/\/corrientesdetarde.com\/index.php\/wp-json\/wp\/v2\/comments?post=218986"}],"version-history":[{"count":1,"href":"https:\/\/corrientesdetarde.com\/index.php\/wp-json\/wp\/v2\/posts\/218986\/revisions"}],"predecessor-version":[{"id":218994,"href":"https:\/\/corrientesdetarde.com\/index.php\/wp-json\/wp\/v2\/posts\/218986\/revisions\/218994"}],"wp:featuredmedia":[{"embeddable":true,"href":"https:\/\/corrientesdetarde.com\/index.php\/wp-json\/wp\/v2\/media\/218993"}],"wp:attachment":[{"href":"https:\/\/corrientesdetarde.com\/index.php\/wp-json\/wp\/v2\/media?parent=218986"}],"wp:term":[{"taxonomy":"category","embeddable":true,"href":"https:\/\/corrientesdetarde.com\/index.php\/wp-json\/wp\/v2\/categories?post=218986"},{"taxonomy":"post_tag","embeddable":true,"href":"https:\/\/corrientesdetarde.com\/index.php\/wp-json\/wp\/v2\/tags?post=218986"}],"curies":[{"name":"wp","href":"https:\/\/api.w.org\/{rel}","templated":true}]}}