{"id":218992,"date":"2025-07-25T19:38:03","date_gmt":"2025-07-25T22:38:03","guid":{"rendered":"https:\/\/corrientesdetarde.com\/?p=218992"},"modified":"2025-07-25T20:02:34","modified_gmt":"2025-07-25T23:02:34","slug":"agenda-ambiental-tassano-y-polich-recorrieronel-vivero-municipal-y-cooperativa-de-reciclado","status":"publish","type":"post","link":"https:\/\/corrientesdetarde.com\/index.php\/locales\/agenda-ambiental-tassano-y-polich-recorrieronel-vivero-municipal-y-cooperativa-de-reciclado\/","title":{"rendered":"Agenda ambiental: Tassano y Polich recorrieron el Vivero Municipal y cooperativa de reciclado"},"content":{"rendered":"\n<p>\u201cEl plan de arbolado es un eje de la gesti\u00f3n municipal y la lucha contra el cambio clim\u00e1tico\u201d, resalt\u00f3 el intendente en la recorrida que desarroll\u00f3 con el candidato a sucederlo por Vamos Corrientes. \u201cHubo cambios significativos en el vivero\u201d, reconoci\u00f3 Polich al expresar su apoyo al programa municipal y comprometer su continuidad. Ambos fueron luego al predio de reciclaje.<\/p>\n\n\n\n<figure class=\"wp-block-embed is-type-video is-provider-youtube wp-block-embed-youtube wp-embed-aspect-16-9 wp-has-aspect-ratio\"><div class=\"wp-block-embed__wrapper\">\n<iframe loading=\"lazy\" title=\"Agenda ambiental: Tassano y Polich recorrieron el Vivero Municipal y cooperativa de reciclado\" width=\"1110\" height=\"624\" src=\"https:\/\/www.youtube.com\/embed\/f57329ZKESk?feature=oembed\" frameborder=\"0\" allow=\"accelerometer; autoplay; clipboard-write; encrypted-media; gyroscope; picture-in-picture; web-share\" referrerpolicy=\"strict-origin-when-cross-origin\" allowfullscreen><\/iframe>\n<\/div><\/figure>\n\n\n\n<p>En la ma\u00f1ana de este viernes, el intendente Eduardo Tassano y el candidato a sucederlo, Claudio Polich, desarrollaron una nueva jornada de recorrida conjunta por principales \u00e1reas municipales en que se desarrollan programas que son ejes de la actual gesti\u00f3n y que se proyectan darle continuidad en una posible nueva administraci\u00f3n comunal de la alianza Vamos Corrientes.<br>En la oportunidad, Tassano y Polich -quien estuvo acompa\u00f1ado por su candidato a vice, Ariel B\u00e1ez-, visitaron el Vivero Municipal y posteriormente la cooperativa de reciclado, \u201cCorrientes Recicla\u201d, que funciona en la ciudad.<br>Con esta agenda ambiental, en principio evaluaron el presente del Vivero Municipal, un nodo clave para el ambicioso plan de arbolado que la gesti\u00f3n de Tassano puso en marcha con positivos resultados.<br>Por ejemplo, en estos \u00faltimos cuatro a\u00f1os la meta municipal fue plantar m\u00e1s de 15 mil \u00e1rboles en la ciudad, y hoy ya registran m\u00e1s de 14.500 especies plantadas, estando cerca de cumplir con lo fijado y hasta superarlo.<br>As\u00ed, se consolida el eje de gesti\u00f3n de transformar a Corrientes en una ciudad sustentable, adem\u00e1s de limpia y ordenada.<br><br>BASE DEL PLAN DE ARBOLADO<br>\u201cMostramos todo el trabajo que hicimos en estos siete a\u00f1os y medio, lapso en el cual la gran base de plan de arbolado de la ciudad est\u00e1 sustentada en la labor del Vivero Municipal donde se llevan los \u00e1rboles o plantines a distintos puntos de la ciudad para plantarlos y concretar la meta. El plan es un eje de la gesti\u00f3n municipal y la lucha contra el cambio clim\u00e1tico\u201d, afirm\u00f3 el intendente tras el recorrido en el predio que tiene un total de seis hect\u00e1reas.<br>Tassano tambi\u00e9n se\u00f1al\u00f3 que \u201cClaudio Polich se ha revelado como un gran conocedor y con gran afinidad en este tema del arbolado, as\u00ed que no tengo dudas que el programa va a continuar y Corrientes ser\u00e1 una ciudad cada vez m\u00e1s arbolada y bella\u201d, concluy\u00f3.<br><br>\u201cSE TRABAJA CON PROYECCI\u00d3N\u201d<br>Por su parte, Polich se\u00f1al\u00f3 que el vivero cuenta con una estructura \u201cmuy importante\u201d, que \u201cla conoc\u00eda, pero hubo varios cambios muy positivos\u201d, reconoci\u00f3.<br>Tambi\u00e9n valor\u00f3 que \u201cen este predio se trabaja con proyecci\u00f3n, porque ac\u00e1 se dise\u00f1a c\u00f3mo queremos que sea la arborizaci\u00f3n de la ciudad en los pr\u00f3ximos a\u00f1os. Y todo tiene que ver con el esfuerzo del Municipio y los empleados municipales, que es permanente y constante para lograr una ciudad ordenada\u201d, dijo y finalmente invit\u00f3 a los vecinos a visitar en familia el vivero.<br><br>\u201cLA F\u00c1BRICA VERDE\u201d<br>En tanto, el secretario de Ambiente y Desarrollo Sustentable, Ignacio Maldonado Yonna, describi\u00f3 los distintos cambios implementados en la producci\u00f3n en el vivero, \u201cla f\u00e1brica verde, como le decimos\u201d, indic\u00f3.<br>\u201cAc\u00e1 hay un gran trabajo para el arbolado urbano, al que se suma el compromiso de los vecinos que solicitaron plantar un \u00e1rbol en su vereda y cuidarlo\u201d, reconoci\u00f3 el funcionario.<br><br>RECICLAJE EN LA CIUDAD<br>Luego, Tassano y Polich se trasladaron a la cooperativa \u201cCorrientes Recicla\u201d, donde se interiorizaron sobre el trabajo que realizan los recuperadores urbanos en el marco del programa municipal de reciclaje y recolecci\u00f3n diferenciada.<br>En el lugar los acompa\u00f1\u00f3 el viceintendente Emilio Lanari, tambi\u00e9n candidato a concejal en primer t\u00e9rmino.<br>Tassano destac\u00f3 la tarea ambiental y el aporte de la labor en el reciclado. En tanto que Polich, expres\u00f3 su compromiso con la continuidad y el fortalecimiento del sistema.<\/p>\n","protected":false},"excerpt":{"rendered":"<p>\u201cEl plan de arbolado es un eje de la gesti\u00f3n municipal y la lucha contra el cambio clim\u00e1tico\u201d, resalt\u00f3 el intendente en la recorrida que desarroll\u00f3 con el candidato a&hellip; <\/p>\n","protected":false},"author":4,"featured_media":218995,"comment_status":"closed","ping_status":"open","sticky":false,"template":"","format":"standard","meta":{"footnotes":""},"categories":[8],"tags":[],"class_list":["post-218992","post","type-post","status-publish","format-standard","has-post-thumbnail","hentry","category-locales"],"_links":{"self":[{"href":"https:\/\/corrientesdetarde.com\/index.php\/wp-json\/wp\/v2\/posts\/218992","targetHints":{"allow":["GET"]}}],"collection":[{"href":"https:\/\/corrientesdetarde.com\/index.php\/wp-json\/wp\/v2\/posts"}],"about":[{"href":"https:\/\/corrientesdetarde.com\/index.php\/wp-json\/wp\/v2\/types\/post"}],"author":[{"embeddable":true,"href":"https:\/\/corrientesdetarde.com\/index.php\/wp-json\/wp\/v2\/users\/4"}],"replies":[{"embeddable":true,"href":"https:\/\/corrientesdetarde.com\/index.php\/wp-json\/wp\/v2\/comments?post=218992"}],"version-history":[{"count":2,"href":"https:\/\/corrientesdetarde.com\/index.php\/wp-json\/wp\/v2\/posts\/218992\/revisions"}],"predecessor-version":[{"id":218999,"href":"https:\/\/corrientesdetarde.com\/index.php\/wp-json\/wp\/v2\/posts\/218992\/revisions\/218999"}],"wp:featuredmedia":[{"embeddable":true,"href":"https:\/\/corrientesdetarde.com\/index.php\/wp-json\/wp\/v2\/media\/218995"}],"wp:attachment":[{"href":"https:\/\/corrientesdetarde.com\/index.php\/wp-json\/wp\/v2\/media?parent=218992"}],"wp:term":[{"taxonomy":"category","embeddable":true,"href":"https:\/\/corrientesdetarde.com\/index.php\/wp-json\/wp\/v2\/categories?post=218992"},{"taxonomy":"post_tag","embeddable":true,"href":"https:\/\/corrientesdetarde.com\/index.php\/wp-json\/wp\/v2\/tags?post=218992"}],"curies":[{"name":"wp","href":"https:\/\/api.w.org\/{rel}","templated":true}]}}