{"id":219002,"date":"2025-07-25T21:16:05","date_gmt":"2025-07-26T00:16:05","guid":{"rendered":"https:\/\/corrientesdetarde.com\/?p=219002"},"modified":"2025-07-25T21:38:52","modified_gmt":"2025-07-26T00:38:52","slug":"impulso-a-emprendedores-como-acceder-a-los-microcreditos-de-fudecor-la-fundacion-del-banco-de-corrientes","status":"publish","type":"post","link":"https:\/\/corrientesdetarde.com\/index.php\/destacados\/impulso-a-emprendedores-como-acceder-a-los-microcreditos-de-fudecor-la-fundacion-del-banco-de-corrientes\/","title":{"rendered":"Impulso a emprendedores: C\u00f3mo acceder a los microcr\u00e9ditos de FUDECOR, la Fundaci\u00f3n del Banco de Corrientes"},"content":{"rendered":"\n<p>La Fundaci\u00f3n para el Desarrollo de Corrientes (FUDECOR) informa que contin\u00faan abiertas las inscripciones para acceder a las l\u00edneas de microcr\u00e9ditos, anunciadas en mayo por el gobernador Gustavo Vald\u00e9s junto a la presidente del Banco de Corrientes y de la Fundaci\u00f3n, Laura Sprovieri.<\/p>\n\n\n\n<p>Estas herramientas de financiamiento est\u00e1n pensadas para fortalecer emprendimientos correntinos, sean proyectos en marcha o por desarrollar. Se trata de una iniciativa concreta para impulsar el desarrollo econ\u00f3mico desde cada rinc\u00f3n de la provincia. Ya se realizaron entregas a m\u00e1s de 150 emprendedores en las ciudades de Capital, Goya y Esquina.<\/p>\n\n\n\n<p><strong>L\u00edneas disponibles y requisitos<\/strong><\/p>\n\n\n\n<p>FUDECOR ofrece cuatro l\u00edneas de financiamiento, con montos escalonados y tasas fijas:<\/p>\n\n\n\n<p>1. Capital de Trabajo: Hasta $500.000, con tasa fija del 3% anual, plazo de 24 meses e incluye 6 de gracia. Pensada para iniciar o fortalecer peque\u00f1os emprendimientos.<\/p>\n\n\n\n<p>2. Capital de Trabajo + Herramientas: Hasta $1.000.000, con tasa fija del 5% anual, plazo de 24 meses e incluye 6 de gracia. Apunta a financiar insumos y herramientas que permitan escalar el negocio.<\/p>\n\n\n\n<p>3. Capital de Trabajo + Bienes de Capital: Hasta $2.000.000, con tasa fija del 7% anual, plazo de 36 meses e incluye 6 de gracia. Ideal para emprendimientos ya operativos que busquen incorporar equipamiento o mejorar su infraestructura.<\/p>\n\n\n\n<p>4. Capital de Trabajo + Bienes de Capital (Ampliada): Hasta $3.000.000, con tasa fija del 7% anual, plazo extendido de 36 meses e incluye 6 de gracia. Pensada para proyectos consolidados que requieran una mayor inversi\u00f3n.<\/p>\n\n\n\n<p><strong>Las personas interesadas deben cumplir con los siguientes requisitos:<\/strong><\/p>\n\n\n\n<p>&nbsp;\u2022 Tener entre 18 y 65 a\u00f1os.<\/p>\n\n\n\n<p>\u2022 Residir en la provincia de Corrientes.<\/p>\n\n\n\n<p>\u2022 Contar con un emprendimiento en funcionamiento o una idea clara para desarrollar.<\/p>\n\n\n\n<p>\u2022 Adjuntar recibo de sueldo y\/o constancia de inscripci\u00f3n en ARCA. (En el caso exclusivo de la L\u00ednea 1, tambi\u00e9n se admite una Declaraci\u00f3n Jurada de Ingresos).<\/p>\n\n\n\n<p>\u2022 No ser sujeto de cr\u00e9dito.<\/p>\n\n\n\n<p>\u2022 Tener situaci\u00f3n crediticia regular.<\/p>\n\n\n\n<p>\u2022 No poseer cr\u00e9ditos vigentes en la Fundaci\u00f3n.<\/p>\n\n\n\n<p>Cabe destacar que no es necesario contar con una cuenta en el Banco de Corrientes para realizar la inscripci\u00f3n. Solo en caso de aprobaci\u00f3n del cr\u00e9dito, se deber\u00e1 abrir una cuenta para recibir el desembolso.<\/p>\n\n\n\n<p>&nbsp;La postulaci\u00f3n se realiza de manera 100% digital a trav\u00e9s del sitio web oficial&nbsp;<a href=\"http:\/\/www.fudecor.org\/\" target=\"_blank\" rel=\"noreferrer noopener\">www.fudecor.org<\/a><\/p>\n\n\n\n<p>\u201cEstos microcr\u00e9ditos son una herramienta de inclusi\u00f3n financiera real. Acompa\u00f1amos a quienes generan valor desde su trabajo, en cada rinc\u00f3n de la provincia\u201d, expres\u00f3 Laura Sprovieri, presidente del Banco de Corrientes y de FUDECOR.<\/p>\n\n\n\n<p>A la vez, desde la Fundaci\u00f3n indicaron que se est\u00e1 trabajando de manera progresiva, realizando las entregas de microcr\u00e9ditos por localidad y en etapas, conforme al avance del an\u00e1lisis y a la validaci\u00f3n de la documentaci\u00f3n recibida. Dada la gran cantidad de solicitudes recibidas en esta primera convocatoria, el proceso se est\u00e1 organizando cuidadosamente para garantizar transparencia, equidad y eficiencia.<\/p>\n\n\n\n<p><\/p>\n","protected":false},"excerpt":{"rendered":"<p>La Fundaci\u00f3n para el Desarrollo de Corrientes (FUDECOR) informa que contin\u00faan abiertas las inscripciones para acceder a las l\u00edneas de microcr\u00e9ditos, anunciadas en mayo por el gobernador Gustavo Vald\u00e9s junto&hellip; <\/p>\n","protected":false},"author":4,"featured_media":219003,"comment_status":"closed","ping_status":"open","sticky":false,"template":"","format":"standard","meta":{"footnotes":""},"categories":[26],"tags":[],"class_list":["post-219002","post","type-post","status-publish","format-standard","has-post-thumbnail","hentry","category-destacados"],"_links":{"self":[{"href":"https:\/\/corrientesdetarde.com\/index.php\/wp-json\/wp\/v2\/posts\/219002","targetHints":{"allow":["GET"]}}],"collection":[{"href":"https:\/\/corrientesdetarde.com\/index.php\/wp-json\/wp\/v2\/posts"}],"about":[{"href":"https:\/\/corrientesdetarde.com\/index.php\/wp-json\/wp\/v2\/types\/post"}],"author":[{"embeddable":true,"href":"https:\/\/corrientesdetarde.com\/index.php\/wp-json\/wp\/v2\/users\/4"}],"replies":[{"embeddable":true,"href":"https:\/\/corrientesdetarde.com\/index.php\/wp-json\/wp\/v2\/comments?post=219002"}],"version-history":[{"count":2,"href":"https:\/\/corrientesdetarde.com\/index.php\/wp-json\/wp\/v2\/posts\/219002\/revisions"}],"predecessor-version":[{"id":219006,"href":"https:\/\/corrientesdetarde.com\/index.php\/wp-json\/wp\/v2\/posts\/219002\/revisions\/219006"}],"wp:featuredmedia":[{"embeddable":true,"href":"https:\/\/corrientesdetarde.com\/index.php\/wp-json\/wp\/v2\/media\/219003"}],"wp:attachment":[{"href":"https:\/\/corrientesdetarde.com\/index.php\/wp-json\/wp\/v2\/media?parent=219002"}],"wp:term":[{"taxonomy":"category","embeddable":true,"href":"https:\/\/corrientesdetarde.com\/index.php\/wp-json\/wp\/v2\/categories?post=219002"},{"taxonomy":"post_tag","embeddable":true,"href":"https:\/\/corrientesdetarde.com\/index.php\/wp-json\/wp\/v2\/tags?post=219002"}],"curies":[{"name":"wp","href":"https:\/\/api.w.org\/{rel}","templated":true}]}}