{"id":219007,"date":"2025-07-25T21:40:49","date_gmt":"2025-07-26T00:40:49","guid":{"rendered":"https:\/\/corrientesdetarde.com\/?p=219007"},"modified":"2025-07-25T21:40:53","modified_gmt":"2025-07-26T00:40:53","slug":"finalizan-las-obras-del-caps-san-antonio-de-padua","status":"publish","type":"post","link":"https:\/\/corrientesdetarde.com\/index.php\/actualidad\/finalizan-las-obras-del-caps-san-antonio-de-padua\/","title":{"rendered":"Finalizan las obras del CAPS &#8220;San Antonio de Padua\u201d"},"content":{"rendered":"\n<p><em>El centro de salud cuenta con consultorios, enfermer\u00eda y farmacia. El ministro Ricardo Cardozo, recorri\u00f3 las obras y anticip\u00f3 su pronta inauguraci\u00f3n con el gobernador Gustavo Vald\u00e9s.<\/em><\/p>\n\n\n\n<p>El ministro de Salud P\u00fablica, Ricardo Cardozo, verific\u00f3 el trabajo que se realiz\u00f3 en el Centro de Atenci\u00f3n Primaria de la Salud (CAPS) \u201cSan Antonio de Padua\u201d. El mismo, pronto ser\u00e1 inaugurado por el gobernador Gustavo Vald\u00e9s.<\/p>\n\n\n\n<p>La construcci\u00f3n de 145 m2, consta de consultorio m\u00e9dico, odontol\u00f3gico, admisi\u00f3n, enfermer\u00eda y farmacia. Desde la cartera sanitaria, ya se entreg\u00f3 equipamiento para su correcto funcionamiento.<\/p>\n\n\n\n<p>Esta obra viene a sumarse a los trabajos que se realizan en esta regi\u00f3n sanitaria, que permiten seguir brindando una salud de calidad a los vecinos.<\/p>\n\n\n\n<p>Cabe recordar que, en abril, el gobernador Gustavo Vald\u00e9s, inaugur\u00f3 el CAPS &#8220;Dr. Ricardo Canoniero&#8221; en la localidad de Virasoro.<\/p>\n","protected":false},"excerpt":{"rendered":"<p>El centro de salud cuenta con consultorios, enfermer\u00eda y farmacia. El ministro Ricardo Cardozo, recorri\u00f3 las obras y anticip\u00f3 su pronta inauguraci\u00f3n con el gobernador Gustavo Vald\u00e9s. El ministro de&hellip; <\/p>\n","protected":false},"author":4,"featured_media":219008,"comment_status":"closed","ping_status":"open","sticky":false,"template":"","format":"standard","meta":{"footnotes":""},"categories":[23],"tags":[],"class_list":["post-219007","post","type-post","status-publish","format-standard","has-post-thumbnail","hentry","category-actualidad"],"_links":{"self":[{"href":"https:\/\/corrientesdetarde.com\/index.php\/wp-json\/wp\/v2\/posts\/219007","targetHints":{"allow":["GET"]}}],"collection":[{"href":"https:\/\/corrientesdetarde.com\/index.php\/wp-json\/wp\/v2\/posts"}],"about":[{"href":"https:\/\/corrientesdetarde.com\/index.php\/wp-json\/wp\/v2\/types\/post"}],"author":[{"embeddable":true,"href":"https:\/\/corrientesdetarde.com\/index.php\/wp-json\/wp\/v2\/users\/4"}],"replies":[{"embeddable":true,"href":"https:\/\/corrientesdetarde.com\/index.php\/wp-json\/wp\/v2\/comments?post=219007"}],"version-history":[{"count":1,"href":"https:\/\/corrientesdetarde.com\/index.php\/wp-json\/wp\/v2\/posts\/219007\/revisions"}],"predecessor-version":[{"id":219009,"href":"https:\/\/corrientesdetarde.com\/index.php\/wp-json\/wp\/v2\/posts\/219007\/revisions\/219009"}],"wp:featuredmedia":[{"embeddable":true,"href":"https:\/\/corrientesdetarde.com\/index.php\/wp-json\/wp\/v2\/media\/219008"}],"wp:attachment":[{"href":"https:\/\/corrientesdetarde.com\/index.php\/wp-json\/wp\/v2\/media?parent=219007"}],"wp:term":[{"taxonomy":"category","embeddable":true,"href":"https:\/\/corrientesdetarde.com\/index.php\/wp-json\/wp\/v2\/categories?post=219007"},{"taxonomy":"post_tag","embeddable":true,"href":"https:\/\/corrientesdetarde.com\/index.php\/wp-json\/wp\/v2\/tags?post=219007"}],"curies":[{"name":"wp","href":"https:\/\/api.w.org\/{rel}","templated":true}]}}