{"id":219010,"date":"2025-07-25T21:59:24","date_gmt":"2025-07-26T00:59:24","guid":{"rendered":"https:\/\/corrientesdetarde.com\/?p=219010"},"modified":"2025-07-25T22:18:14","modified_gmt":"2025-07-26T01:18:14","slug":"el-origen-guaranitico-de-caa-cati-sera-el-eje-de-la-12a-feria-del-libro","status":"publish","type":"post","link":"https:\/\/corrientesdetarde.com\/index.php\/cultura\/el-origen-guaranitico-de-caa-cati-sera-el-eje-de-la-12a-feria-del-libro\/","title":{"rendered":"El origen guaran\u00edtico de Ca\u00e1 Cat\u00ed ser\u00e1 el eje de la 12\u00aa Feria del Libro"},"content":{"rendered":"\n<p>El Patio de la Cultura Marit\u00e9 Salas del Instituto de Cultura de Corrientes fue epicentro hoy a la ma\u00f1ana de la presentaci\u00f3n oficial de la 12\u00aa Feria del Libro de Ca\u00e1 Cat\u00ed, Cuna de Poetas, a desarrollarse del 1 al 3 de agosto en la hist\u00f3rica biblioteca popular \u201cJuan Manuel Rivera\u201d.<\/p>\n\n\n\n<p>El lanzamiento estuvo encabezado por la presidente del Instituto de Cultura de Corrientes (ICC), Beatriz Kunin, acompa\u00f1ada por el intendente de Ca\u00e1 Cat\u00ed, Jorge Meza, el intendente de Ituzaing\u00f3, Juan Pablo Vald\u00e9s y el secretario de Cultura de Ca\u00e1 Cat\u00ed, Mat\u00edas Geneyro.<\/p>\n\n\n\n<p>\u201cLa Feria del Libro de Ca\u00e1 Cat\u00ed es muy importante porque convoca a escritores, a editoriales y a representantes del \u00e1rea de audiovisual. Adem\u00e1s, es una feria que est\u00e1 situada en un lugar geogr\u00e1fico estrat\u00e9gico que permite que correntinos de muchas localidades aleda\u00f1as puedan acercarse y disfrutar de este evento. Como poblado hist\u00f3rico nacional que es Ca\u00e1 Cat\u00ed, merece tener esta feria\u201d, expres\u00f3 la titular del ICC, Beatriz Kunin.<\/p>\n\n\n\n<p>Se\u00f1al\u00f3 adem\u00e1s que \u201capoyamos esta Feria desde el Instituto de Cultura y nuestro gobernador, Gustavo Vald\u00e9s, hace todo lo posible permanentemente para que el \u00e1rea de cultura tenga todas las necesidades satisfechas en todo el territorio provincial, \u201cnosotros trabajamos federalmente para estar permanentemente en distintas localidades del interior\u201d, agreg\u00f3.<\/p>\n\n\n\n<p>Al cierre, invit\u00f3 a visitar la Feria del Libro de Ca\u00e1 Cat\u00ed del 1 al 3 de agosto en la hist\u00f3rica Biblioteca Popular \u201cJuan Manuel Rivera\u201d, y destac\u00f3 que el primer d\u00eda el eje tem\u00e1tico girar\u00e1 alrededor del origen guaran\u00edtico de la localidad.<\/p>\n\n\n\n<p><strong>Lazos institucionales<\/strong><\/p>\n\n\n\n<p>El intendente de Ca\u00e1 Cat\u00ed, Jorge Meza, agradeci\u00f3 el apoyo del Instituto de Cultura de Corrientes y tambi\u00e9n de la municipalidad de Ituzaing\u00f3, en la figura de su jefe comunal.<\/p>\n\n\n\n<p>\u201cVamos a iniciar nuestra decimosegunda Feria del Libro hablando de los abor\u00edgenes de Ca\u00e1 Cat\u00ed, este encuentro de los abor\u00edgenes guaran\u00edes con el espa\u00f1ol, que datan de 1600, m\u00e1s all\u00e1 de que Ca\u00e1 Cat\u00ed institucionalmente dice que tiene 318 a\u00f1os\u201d, indic\u00f3, para adem\u00e1s anticipar que, a trav\u00e9s de esta Feria, \u201cvamos a tratar de rescatar la literatura guaran\u00ed, por eso vamos a mostrar mucho del trabajo que se viene haciendo, donde hay un aporte important\u00edsimo de la Universidad Nacional del Nordeste en esta investigaci\u00f3n y la posibilidad de que nuestros hermanos paraguayos nos vengan a visitar tambi\u00e9n y a contar lo que vienen ellos haciendo en la rep\u00fablica hermana\u201d.<\/p>\n\n\n\n<p><strong>Talentos<\/strong><\/p>\n\n\n\n<p>El intendente de Ituzaing\u00f3, Juan Pablo Vald\u00e9s, invit\u00f3 a todos a visitar la localidad de Ca\u00e1 Cat\u00ed, del 1 al 3 de agosto, \u201cya he visitado tres veces esta Feria del Libro tan linda. El que todav\u00eda no la conoce, tiene que ir y de paso recorrer la ciudad\u201d, recomend\u00f3.<\/p>\n\n\n\n<p>\u201cDesde el primer d\u00eda que me toc\u00f3 ser Intendente y colaborar con la gesti\u00f3n de Jorge Meza pude conocer lo que significa esta gran feria, para Ca\u00e1 Cat\u00ed, cuna de poetas\u201d, asegur\u00f3, para adem\u00e1s se\u00f1alar los escritores talentosos que hay en esta localidad, \u201clos correntinos tenemos un talento \u00fanico que es valorado no solamente en la Argentina sino en todo el mundo\u201d.<\/p>\n\n\n\n<p><strong>Or\u00edgenes<\/strong><\/p>\n\n\n\n<p>El secretario de Cultura de Ca\u00e1 Cat\u00ed, Matias Generyo, fue el encargado de brindar detalles de la programaci\u00f3n. Explic\u00f3 que la Feria del Libro tendr\u00e1 como lema \u201c\ud835\uddec\ud835\ude03\ud835\ude06\ud835\ude01\ud835\ude06&nbsp;\ud835\uddde\ud835\uddee&#8217;\ud835\uddee&nbsp;\ud835\uddde\ud835\uddee\ud835\ude01\u0129\u201d, que es el nombre m\u00e1s antiguo del que se tiene registro de la localidad. En la lengua guaran\u00ed refiere a \u201clomas altas con olor vaporoso y fuerte de sus plantas originales\u201d, y aparece en una cr\u00f3nica del a\u00f1o 1637 de dos pares jesuitas, Pedro Domenech y Juan Sixto.<\/p>\n\n\n\n<p>Se\u00f1al\u00f3 que, como cada a\u00f1o, esta feria ofrecer\u00e1 una amplia variedad de actividades culturales: conferencias, presentaciones de libros, charlas, proyecciones audiovisuales, m\u00fasica en vivo, lecturas de poes\u00eda y exposiciones de arte. Durante tres jornadas, escritores, poetas, m\u00fasicos, artistas visuales, realizadores audiovisuales, docentes e historiadores compartir\u00e1n sus obras y saberes con toda la comunidad del Poblado Hist\u00f3rico Nacional, Ca\u00e1 Cat\u00ed.<\/p>\n\n\n\n<p><strong>Programaci\u00f3n<\/strong><\/p>\n\n\n\n<p>Entre las actividades m\u00e1s relevantes de esta edici\u00f3n, se destacan: la participaci\u00f3n especial de una delegaci\u00f3n de la Rep\u00fablica del Paraguay, con presentaciones literarias y musicales. El estreno de un fragmento del documental sobre la vida y obra de Las Hermanas Vera. La presentaci\u00f3n de la tercera Antolog\u00eda Po\u00e9tica del grupo literario \u201cP\u00e1jaro de Tinta\u201d. Y un adelanto del libro en preparaci\u00f3n sobre los \u201cCocineros del Iber\u00e1\u201d, que rescata la identidad culinaria regional.<\/p>\n\n\n\n<p><strong>Viernes 1 de agosto<\/strong><\/p>\n\n\n\n<p><em>La lengua guaran\u00ed como eje identitario<\/em><\/p>\n\n\n\n<p>La primera jornada estar\u00e1 centrada en la revalorizaci\u00f3n de la lengua guaran\u00ed. Una nutrida delegaci\u00f3n paraguaya compartir\u00e1 su experiencia en la promoci\u00f3n del idioma originario en su pa\u00eds. La conferencia inaugural abordar\u00e1 el legado guaran\u00ed-jesu\u00edtico, mientras que la UNNE presentar\u00e1 sus trabajos sobre la presencia actual del guaran\u00ed en la localidad.<\/p>\n\n\n\n<p>Adem\u00e1s, se abordar\u00e1n tem\u00e1ticas hist\u00f3ricas y de derechos humanos, como el papel de mujeres destacadas del siglo XIX y las violaciones a los derechos humanos durante la \u00faltima dictadura militar. El cierre del d\u00eda estar\u00e1 a cargo de la presentaci\u00f3n de la tercera Antolog\u00eda Po\u00e9tica de \u201cP\u00e1jaro de Tinta\u201d y una noche musical con artistas del Paraguay.<\/p>\n\n\n\n<p><strong>S\u00e1bado 2 de agosto<\/strong><\/p>\n\n\n\n<p><em>Diversidad tem\u00e1tica y formatos creativos<\/em><\/p>\n\n\n\n<p>La segunda jornada combinar\u00e1 naturaleza, literatura, arte y medios. Habr\u00e1 una charla sobre aves locales, una presentaci\u00f3n anticipada del libro sobre la cocina correntina, y espacios dedicados a la narrativa y la ficci\u00f3n. Tambi\u00e9n se sumar\u00e1 la voz de un cacique guaran\u00ed para compartir perspectivas sobre el v\u00ednculo entre su cultura y la astrolog\u00eda. El Iber\u00e1 cobrar\u00e1 vida en la feria a trav\u00e9s de letras que lo describen, an\u00e9cdotas que lo recorren y sonidos que lo evocan.<\/p>\n\n\n\n<p>El arte contempor\u00e1neo dir\u00e1 presente con una charla y muestra de artistas visuales incluidos en una reciente publicaci\u00f3n. La jornada concluir\u00e1 con la proyecci\u00f3n exclusiva del documental sobre Las Hermanas Vera, figuras emblem\u00e1ticas de la localidad.<\/p>\n\n\n\n<p><strong>Domingo 3 de Agosto<\/strong><\/p>\n\n\n\n<p><em>Cierre con tradici\u00f3n, poes\u00eda y naturaleza<\/em><\/p>\n\n\n\n<p>La jornada final estar\u00e1 marcada por la presentaci\u00f3n de un libro sobre la tradicional celebraci\u00f3n \u201c\u00c1ngeles Somos\u201d, constituir\u00e1 parte en formato libro de la feria, adem\u00e1s una escritora local dir\u00e1 presente con libro de narraciones de pueblo. Nuevamente, el arte contempor\u00e1neo dir\u00e1 presente en un espacio \u00fanico: el \u201cRefugio de Artistas\u201d a orillas del Estero Santa Luc\u00eda.<\/p>\n\n\n\n<p>La jornada de cierre tambi\u00e9n incluir\u00e1 referencias al chamam\u00e9, el r\u00edo Paran\u00e1 y el Iber\u00e1, s\u00edmbolos profundos de la identidad regional. Como despedida de esta duod\u00e9cima edici\u00f3n, se proyectar\u00e1 un corto documental sobre mujeres de una comunidad guaran\u00ed, celebrando la memoria, la cultura y la resistencia.<\/p>\n","protected":false},"excerpt":{"rendered":"<p>El Patio de la Cultura Marit\u00e9 Salas del Instituto de Cultura de Corrientes fue epicentro hoy a la ma\u00f1ana de la presentaci\u00f3n oficial de la 12\u00aa Feria del Libro de&hellip; <\/p>\n","protected":false},"author":4,"featured_media":219013,"comment_status":"closed","ping_status":"open","sticky":false,"template":"","format":"standard","meta":{"footnotes":""},"categories":[15],"tags":[],"class_list":["post-219010","post","type-post","status-publish","format-standard","has-post-thumbnail","hentry","category-cultura"],"_links":{"self":[{"href":"https:\/\/corrientesdetarde.com\/index.php\/wp-json\/wp\/v2\/posts\/219010","targetHints":{"allow":["GET"]}}],"collection":[{"href":"https:\/\/corrientesdetarde.com\/index.php\/wp-json\/wp\/v2\/posts"}],"about":[{"href":"https:\/\/corrientesdetarde.com\/index.php\/wp-json\/wp\/v2\/types\/post"}],"author":[{"embeddable":true,"href":"https:\/\/corrientesdetarde.com\/index.php\/wp-json\/wp\/v2\/users\/4"}],"replies":[{"embeddable":true,"href":"https:\/\/corrientesdetarde.com\/index.php\/wp-json\/wp\/v2\/comments?post=219010"}],"version-history":[{"count":1,"href":"https:\/\/corrientesdetarde.com\/index.php\/wp-json\/wp\/v2\/posts\/219010\/revisions"}],"predecessor-version":[{"id":219012,"href":"https:\/\/corrientesdetarde.com\/index.php\/wp-json\/wp\/v2\/posts\/219010\/revisions\/219012"}],"wp:featuredmedia":[{"embeddable":true,"href":"https:\/\/corrientesdetarde.com\/index.php\/wp-json\/wp\/v2\/media\/219013"}],"wp:attachment":[{"href":"https:\/\/corrientesdetarde.com\/index.php\/wp-json\/wp\/v2\/media?parent=219010"}],"wp:term":[{"taxonomy":"category","embeddable":true,"href":"https:\/\/corrientesdetarde.com\/index.php\/wp-json\/wp\/v2\/categories?post=219010"},{"taxonomy":"post_tag","embeddable":true,"href":"https:\/\/corrientesdetarde.com\/index.php\/wp-json\/wp\/v2\/tags?post=219010"}],"curies":[{"name":"wp","href":"https:\/\/api.w.org\/{rel}","templated":true}]}}