{"id":219101,"date":"2025-07-26T12:10:00","date_gmt":"2025-07-26T15:10:00","guid":{"rendered":"https:\/\/corrientesdetarde.com\/?p=219101"},"modified":"2025-07-26T12:20:38","modified_gmt":"2025-07-26T15:20:38","slug":"en-la-rural-javier-milei-anuncio-una-baja-permanente-de-las-retenciones-al-campo","status":"publish","type":"post","link":"https:\/\/corrientesdetarde.com\/index.php\/politica\/en-la-rural-javier-milei-anuncio-una-baja-permanente-de-las-retenciones-al-campo\/","title":{"rendered":"En La Rural, Javier Milei anunci\u00f3 una baja \u201cpermanente\u201d de las retenciones al campo."},"content":{"rendered":"\n<h2 class=\"wp-block-heading\">El Presidente anunci\u00f3 que reduce las al\u00edcuotas a la carne aviar y vacuna, al sorgo, girasol y a la soja y remarc\u00f3 que este tema \u201ces una obsesi\u00f3n\u201d del Gobierno.<\/h2>\n\n\n\n<p>Apenas pasadas las 10.30, el presidente\u00a0<strong>Javier Milei<\/strong>\u00a0entr\u00f3 en el predio de La Rural de Palermo para protagonizar el acto inaugural oficial de la\u00a0137\u00b0 Exposici\u00f3n Rural\u00a0en medio de grandes expectativas sobre posibles anuncios para el campo. Una hora despu\u00e9s, tras escuchar el discurso inaugural del presidente de la Sociedad Rural Argentina, Nicol\u00e1s Pino, el mandatario habl\u00f3 desde el palco y\u00a0<strong>anunci\u00f3 finalmente la reducci\u00f3n de retenciones<\/strong>.<\/p>\n\n\n\n<p>\u201cDesde hoy, las retenciones a la&nbsp;<strong>carne aviar y vacunas<\/strong>&nbsp;se reducir\u00e1n del 6,75% a 5%; las retenciones al&nbsp;<strong>ma\u00edz&nbsp;<\/strong>de 12% a 9,5%; las retenciones al&nbsp;<strong>sorgo&nbsp;<\/strong>de 12% a 9,5%; las retenciones de&nbsp;<strong>girasol&nbsp;<\/strong>de 7,5% a 5,5% y 4%, y tambi\u00e9n las retenciones a la&nbsp;<strong>soja<\/strong>, del 33% al 26% y a las&nbsp;<strong>subproductos de soja<\/strong>&nbsp;de 31 a 24,5%\u201d, remarc\u00f3, tal como se esperaba.<\/p>\n\n\n\n<p>Milei explic\u00f3 que la decisi\u00f3n \u201credunda en una reducci\u00f3n de retenciones de las al\u00edcuotas para las&nbsp;<strong>cadenas de granos del 20%<\/strong>&nbsp;y una reducci\u00f3n de retenciones en la cadena de ganado y carnes del 26% que ser\u00e1 permanente y lo cual busca dar impulso al campo, el sector con mayor productividad en la econom\u00eda y fuertemente cantados puestos en los \u00faltimos 20 a\u00f1os\u201d.<\/p>\n\n\n\n<p>El Presidente aclar\u00f3 que la nueva medida \u201cincluye tambi\u00e9n las rebajas transitorias que anunciamos sobre trigo y cebada, que tambi\u00e9n ser\u00e1n permanentes\u201d mientras \u201cyo est\u00e9 en el gobierno\u201d.<\/p>\n\n\n\n<p>\u201c<strong>Eliminar las retenciones es una obsesi\u00f3n para nuestra gesti\u00f3n<\/strong>, y hemos dado muchos avances en esa direcci\u00f3n. Ya eliminamos las retenciones a las econom\u00edas regionales, al sector l\u00e1cteo, a la carne porcina y algunos segmentos de carne vacuna. Adem\u00e1s, hemos reducido las mismas para el trigo y la cebada. Pero es muy importante tener presente que todo esto es posible \u00fanicamente gracias al super\u00e1vit fiscal que hemos conseguido, al cual cuidamos como agua en el desierto ante los embates sistem\u00e1ticos de la casta pol\u00edtica\u201d, agreg\u00f3 el mandatario.<\/p>\n\n\n\n<p>Milei explic\u00f3 que el Gobierno&nbsp;<strong>\u201cseguir\u00e1 potenciando el super\u00e1vit en el tiempo por el crecimiento natural de la econom\u00eda\u201d<\/strong>&nbsp;y detall\u00f3 que \u201centendemos que la baja de retenciones, aparte de beneficiar al campo, potenciar\u00e1 a toda la econom\u00eda del interior del pa\u00eds, que de forma m\u00e1s directa o indirecta, le provee servicios a los productores agrarios. Desde veterinarios y laboratorios, o ingenieros y desarrolladores de semillas, a playeros, estaciones de servicio, desde gomeros a almaceneros. Sea un piloto de dron o un constructor de silo, todos se benefician de que la rentabilidad del sector privado se queda en el sector privado\u201d.<\/p>\n\n\n\n<p>Milei le dedic\u00f3, sin nombrarla, algunos p\u00e1rrafos a la vicepresidenta&nbsp;<strong>Victoria Villarruel, ausente en la jornada:<\/strong>&nbsp;\u201cLas frases lindas y rimbombantes y pomposas que se escuchan venir de la casa del Congreso, no es otra cosa que un tribuneo sensiblero financiado con el bolsillo ajeno, porque ninguno de los que brega en favor de este torpedo fiscal siquiera atin\u00f3 a renunciar o a expresarse en contra de las jubilaciones de privilegio\u201d.<\/p>\n\n\n\n<p>\u201cEs incre\u00edble que los mismos viajes que furiosamente son criticados por quienes gastan viaje tras viaje pagados por los vi\u00e1ticos del Congreso para fines personales, o pol\u00edticos o rosca\u201d y los llam\u00f3&nbsp;<strong>\u201cpar\u00e1sitos fiscales\u201d<\/strong>.<\/p>\n\n\n\n<p>Adem\u00e1s, aunque no explic\u00f3 de qu\u00e9 se trata, el Presidente adelant\u00f3 que \u201cen pocos d\u00edas<strong>&nbsp;tendremos tremendas noticias en el plano internacional&nbsp;<\/strong>gracias a la enorme tarea que lleva a cabo nuestro canciller el ministro Gerardo Werthein\u201d.<img loading=\"lazy\" decoding=\"async\" alt=\"La primera fila del palco\" height=\"1080\" src=\"https:\/\/www.infobae.com\/resizer\/v2\/CR5XMQLHOBCF7NONUZWPWRQFO4.jpeg?auth=ae5b5c9e594e73154976c33e93d75c69dc108fef73e529dc65129ed87b019962&amp;smart=true&amp;width=350&amp;height=197&amp;quality=85\" width=\"1920\">La primera fila del palco oficial de La Rural: el jefe de Gobierno porte\u00f1o, Jorge Macri; Nicol\u00e1s Pino; Gerardo Werthein (de espaldas); Javier Milei; Luis Caputo y Karina Milei; Guillermo Francos y Mart\u00edn Menem (Jaime Olivos)<\/p>\n\n\n\n<p>El mandatario lleg\u00f3 acompa\u00f1ado por su hermana, la secretaria general de la Presidencia,&nbsp;<strong>Karina Milei<\/strong>, y el ministro de Econom\u00eda,<strong>&nbsp;Luis \u201cToto\u201d Caputo<\/strong>. Los tres giraron a bordo de una camioneta 4&#215;4 por la pista central y recibi\u00f3 aplausos de las cuatro tribunas. En el palco los esperaban, el presidente de la Sociedad Rural Argentina (SRA), Nicol\u00e1s Pino, y algunos ministros, como Guillermo Francos, Patricia Bullrich y Luis Petri, entre otros. Sin embargo, destac\u00f3 la ausencia de la vicepresidenta Victoria Villarruel. El acto comenz\u00f3 poco antes de las 11 con el desfile del cuerpo de Granaderos.<\/p>\n\n\n\n<p>Despu\u00e9s del discurso de Pino, cerca de las 11.35, fue el turno del discurso del Presidente de la Naci\u00f3n. Fue recibido con aplausos y apenas subi\u00f3 al atril, se escuch\u00f3 desde el p\u00fablico el grito de alguien que le grit\u00f3&nbsp;<strong>\u201c\u00a1gracias por bajar la inflaci\u00f3n, Presidente!\u201c<\/strong>. Milei le agradeci\u00f3 pero aclar\u00f3:&nbsp;<strong>\u201dTodav\u00eda falta, vas a ver cuando a mitad del a\u00f1o que viene la llevemos a cero&#8221;<\/strong>. Otra vez, alguien desde la tribuna, agreg\u00f3: \u201c\u00a1Grande, Peluca!\u201c.<\/p>\n\n\n\n<p>\u201cEs un orgullo para m\u00ed estar parado ante esta pista en la que desde hace casi un siglo y medio desfilan los mejores exponentes de nuestra actividad ganadera\u201d, arranc\u00f3 el Presidente y dijo que la instituci\u00f3n \u201cse volvi\u00f3 un referente global\u201d porque&nbsp;<strong>\u201cnuestra gen\u00e9tica es demandada como un bien preciado en todos los pa\u00edses ganaderos del mundo\u201d<\/strong>.<\/p>\n\n\n\n<p>Adem\u00e1s, aclar\u00f3 que \u201cno solo nuestra gen\u00e9tica es valorada en todo el mundo, sino tambi\u00e9n nuestra carne\u201d y detall\u00f3: \u201cNuestras exportaciones vacunas est\u00e1n aumentando sostenidamente y&nbsp;<strong>en 2024 logramos volver a superar las 900.000 toneladas exportadas por primera vez en m\u00e1s de 100 a\u00f1os<\/strong>\u201d, lo que calific\u00f3 de \u201chaza\u00f1a\u201d.<img loading=\"lazy\" decoding=\"async\" alt=\"Pino saluda a Javier Milei\" height=\"2057\" src=\"https:\/\/www.infobae.com\/resizer\/v2\/RFULMKIBJVEUHEQPZV7HNVMHOY.JPG?auth=93a28687abe2c6bf5e1c00cee1de01824adcdb0dbd1882032a9fd729f7337e82&amp;smart=true&amp;width=350&amp;height=233&amp;quality=85\" width=\"3086\">Pino saluda a Javier Milei en el Palco oficial de La Rural (REUTERS\/Matias Baglietto)<\/p>\n\n\n\n<p>Milei remarc\u00f3 que \u201cArgentina lleva casi cien a\u00f1os sin conocer la verdadera flotaci\u00f3n cambiaria\u201d y explic\u00f3 que \u201cse hizo para tratar de contener la inflaci\u00f3n que el propio Estado hab\u00eda generado al financiar a\u00f1o tras a\u00f1o un d\u00e9ficit fiscal gigante con emisi\u00f3n monetaria, sin respaldo ni contrapartida de demanda de dinero\u201d.<\/p>\n\n\n\n<p>Seg\u00fan Milei, \u201cese r\u00e9gimen de inflaci\u00f3n alta le ven\u00eda como anillo al dedo a la casta pol\u00edtica para instalar con facilidad su relato anti empresa, en el cual supuestamente los inescrupulosos empresarios especuladores se aprovechaban de las necesidades de la gente.&nbsp;<strong>En el caso espec\u00edfico del campo utilizaban este relato miserable para fomentar el avasallamiento sobre la propiedad privada.<\/strong>&nbsp;As\u00ed, se normaliz\u00f3 que quienes generaban m\u00e1s tributarios imposibles. Pero tambi\u00e9n se lleg\u00f3 al extremo de proponer reformas agrarias, de romperse los silo bolsas o incluso defender el robo al ganado\u201d.<\/p>\n\n\n\n<p>Milei le dio un mensaje directo a la SRA: \u201cAlgo que he querido transmitirle durante mi discurso es que&nbsp;<strong>tienen un Presidente que valora y respeta al sector agropecuario entero&nbsp;<\/strong>y que est\u00e1 haciendo todo lo que est\u00e1 en su alcance para revertir la atrocidad que fueron sometidos por culpa de la banda de saqueadores que gobern\u00f3 al pa\u00eds durante las \u00faltimas d\u00e9cadas. Esta baja permanente de retenciones es una prueba de ello y que seguir\u00e1 hacia adelante. Sepan que nuestra visi\u00f3n va mucho m\u00e1s all\u00e1 de ordenar las cuentas\u201d.<\/p>\n\n\n\n<p>Un rato antes hab\u00eda dado el discurso inaugural Nicol\u00e1s Pino: \u201cHace un a\u00f1o, en este mismo lugar, el se\u00f1or Presidente nos record\u00f3 lo que est\u00e1 escrito arriba de esta tribuna:&nbsp;<strong>cultivar el suelo es servir a la Patria<\/strong>. Cumpliendo con ese lema, la Sociedad Rural Argentina siempre va a ser&nbsp;<strong>parte de la soluci\u00f3n y jam\u00e1s ser\u00e1 parte del problema<\/strong>\u201d.<img loading=\"lazy\" decoding=\"async\" alt=\"Nicol\u00e1s Pino, presidente de la\" height=\"2215\" src=\"https:\/\/www.infobae.com\/resizer\/v2\/4AJXP56MTJCIHLOYVGF62LIU3I.JPG?auth=fd9271ecb13ef90cca56d58e9314cca559b6bce2e8208e0632626109cb8144b6&amp;smart=true&amp;width=350&amp;height=233&amp;quality=85\" width=\"3322\">Nicol\u00e1s Pino, presidente de la Sociedad Rural Argentina, en pleno discurso inaugural este s\u00e1bado en Palermo (REUTERS\/Matias Baglietto)<\/p>\n\n\n\n<p>En ese sentido, destac\u00f3 que \u201c<strong>producimos alimentos, somos generadores de trabajo y arraigo y agregamos valor de forma sostenible a las materias primas<\/strong>. Sabemos qu\u00e9 hacer y nos gusta nuestro trabajo.&nbsp;<strong>Solo pedimos que nos dejen hacerlo sin m\u00e1s adversidades que de la naturaleza<\/strong>, que luego sola se encarga de compensarlas\u201d.<\/p>\n\n\n\n<p><strong>\u201cEl INTA debe seguir existiendo\u201d<\/strong>, reclam\u00f3 Pino y explic\u00f3 que \u201cdebe dedicarse a la investigaci\u00f3n y al desarrollo al servicio de los productores, seguir trabajando en el campo de la biotecnolog\u00eda y continuar desarrollando nuestras herramientas, adaptando las tradicionales y dando acceso a las nuevas, incluida la inteligencia artificial y la rob\u00f3tica\u201d.<\/p>\n\n\n\n<p>Para lograr eso, seg\u00fan el presidente de la SRA, el INTA \u201cdebe valorar a su personal calificado y tener una gesti\u00f3n din\u00e1mica de sus cuadros profesionales y administrativos\u201d.<\/p>\n\n\n\n<p>Tambi\u00e9n habl\u00f3 del SENASA, el Servicio Nacional de Sanidad y Calidad Agroalimentaria: \u201cEs tan importante que hay que reorganizarlo, eliminar la ineptitud, la burocracia obstructiva y la influencia clientelista de origen pol\u00edtico y gremial, y dotarlo de un nivel t\u00e9cnico de excelencia. El SENASA debe tener un plan a largo plazo que incluya la definici\u00f3n y diferenciaci\u00f3n de estatus sanitario y un poder de intervenci\u00f3n adecuado.&nbsp;<strong>En un pa\u00eds exportador no podemos no tener un SENASA del mejor nivel internacional<\/strong>\u201d.<img loading=\"lazy\" decoding=\"async\" alt=\"Caputo y los hermanos Milei,\" height=\"1080\" src=\"https:\/\/www.infobae.com\/resizer\/v2\/SL6S5JGCAVE3RCVT2EWGJC2CYE.jpeg?auth=756c22d2cc5eab82299ebe5f0f216d3cfbea1a4b572c82201994934ced74f4c3&amp;smart=true&amp;width=350&amp;height=197&amp;quality=85\" width=\"1920\">Caputo y los hermanos Milei, sobre la arena de La Rural (Jaime Olivos)<\/p>\n\n\n\n<p>Antes de ingresar a La Rural, el jefe de Ministros,&nbsp;<strong>Guillermo Francos<\/strong>, dijo que \u201c<strong>el Presidente puede sorprender<\/strong>\u201d con respecto a los anuncios del d\u00eda de hoy acerca de la baja de retenciones y agreg\u00f3, ante el asedio de la prensa, que \u201c<strong>quiero ver c\u00f3mo est\u00e1 el \u00e1nimo de la gente de campo, que parece que est\u00e1 contento<\/strong>\u201d.<\/p>\n\n\n\n<p>Pino pareci\u00f3 darle la raz\u00f3n al jefe de Gabinete. \u201cEn este momento, nos viene a la memoria el Papa Francisco, a quien los argentinos todav\u00eda extra\u00f1amos, quien fue el primero en decir en su enc\u00edclica Hermanos Todos, la famosa frase:&nbsp;<strong>\u2018Nadie se salva solo\u2019<\/strong>. Recordamos sus palabras con emoci\u00f3n y con el compromiso colectivo de preservar en el trabajo responsable en el campo\u201d, remarc\u00f3 el dirigente.<\/p>\n\n\n\n<p>\u201cLa Sociedad Rural busca facilitar en todos los \u00f3rdenes el desenvolvimiento de los productores\u201d, insisti\u00f3, y asegur\u00f3 que \u201cest\u00e1 interesada, en consecuencia,&nbsp;<strong>en el logro del bien com\u00fan<\/strong>&nbsp;en el pa\u00eds entero, del cual los productores somos parte\u201d.<\/p>\n\n\n\n<p>En ese sentido, remarc\u00f3 que&nbsp;<strong>\u201cqueremos seguir manteniendo un di\u00e1logo productivo con el Gobierno en el terreno de las alianzas<\/strong>. Sin embargo, el campo no es un aliado partidario. Es exclusivamente un aliado de la Argentina\u201d.<img loading=\"lazy\" decoding=\"async\" alt=\"(Jaime Olivos)\" height=\"1080\" src=\"https:\/\/www.infobae.com\/resizer\/v2\/GWPK5CYBRNDXVABOMCC7BNG3XY.jpeg?auth=e893e30ac448198c379c6fa54e40cb435f55f39b1409068b5bb0ad3a5c94cc9b&amp;smart=true&amp;width=350&amp;height=197&amp;quality=85\" width=\"1920\">(Jaime Olivos)<\/p>\n\n\n\n<p>Pino dijo que \u201csi tuvi\u00e9ramos las condiciones adecuadas,&nbsp;<strong>podr\u00edamos producir m\u00e1s del doble de lo que producimos<\/strong>\u201d ya que \u201cel mundo demanda lo que hacemos y nosotros sabemos hacerlo\u201d.<\/p>\n\n\n\n<p>Por eso asegur\u00f3 que \u201cdebemos poder trabajar junto con la Naci\u00f3n, las provincias y los municipios.<strong>&nbsp;La funci\u00f3n del Estado en cualquiera de sus niveles no es ciertamente ni reemplazar ni trabar nuestra actividad privada<\/strong>. Deben, por el contrario, generar condiciones que permitan la producci\u00f3n y permitan que nos coloquemos al nivel de los pa\u00edses que en este momento son nuestra competencia\u201d.<\/p>\n\n\n\n<p>Y luego pregunt\u00f3 de manera ret\u00f3rica y respondi\u00f3: \u201c\u00bfCu\u00e1les son las condiciones que pedimos? En primer lugar,&nbsp;<strong>que se contin\u00fae reduciendo la carga impositiva para liberar nuestra capacidad productiva<\/strong>. Esto incluye, ante todo, eliminar las retenciones. Tema crucial que volver\u00e9 un poco m\u00e1s adelante&#8221;.<\/p>\n\n\n\n<p>\u201cSi al campo se le brindan condiciones adecuadas, se va a producir un crecimiento tal en oferta de bienes y trabajo que definitivamente terminar\u00e1 d\u00e1ndole no solo alimentos, sino tambi\u00e9n un futuro. Por lo tanto, no hablemos de la pobreza con prop\u00f3sitos demag\u00f3gicos. Basta de pol\u00edticas superficiales que dejan sin tocar las bases de la pobreza. Basta de mentiras baratas.\u00a0<strong>Si producimos m\u00e1s y creamos m\u00e1s empleo, la pobreza baja<\/strong>\u201d, remarc\u00f3 el presidente de la SRA.<\/p>\n\n\n\n<p><\/p>\n\n\n\n<p><em>Fuente: TN.<\/em><a href=\"https:\/\/www.infobae.com\/politica\/2025\/07\/26\/el-gobierno-le-pone-fin-a-las-internas-y-asoma-una-nueva-incertidumbre-por-las-elecciones\/\" target=\"_blank\" rel=\"noreferrer noopener\"><\/a><\/p>\n\n\n\n<p><a href=\"https:\/\/www.infobae.com\/politica\/2025\/07\/26\/el-gobierno-acelera-las-privatizaciones-y-demora-la-bicameral-de-seguimiento-del-congreso\/\" target=\"_blank\" rel=\"noreferrer noopener\"><\/a><\/p>\n\n\n\n<p><a href=\"https:\/\/www.infobae.com\/politica\/2025\/07\/26\/antes-de-la-visita-de-milei-la-sociedad-rural-mostro-su-apoyo-al-gobierno-este-es-el-rumbo\/\" target=\"_blank\" rel=\"noreferrer noopener\"><\/a><\/p>\n\n\n\n<p><a href=\"https:\/\/www.infobae.com\/politica\/2025\/07\/26\/javier-milei-visitara-hoy-la-rural-y-hay-expectativa-por-posibles-anuncios-dirigidos-al-campo\/\" target=\"_blank\" rel=\"noreferrer noopener\"><\/a><\/p>\n","protected":false},"excerpt":{"rendered":"<p>El Presidente anunci\u00f3 que reduce las al\u00edcuotas a la carne aviar y vacuna, al sorgo, girasol y a la soja y remarc\u00f3 que este tema \u201ces una obsesi\u00f3n\u201d del Gobierno.&hellip; <\/p>\n","protected":false},"author":6,"featured_media":219108,"comment_status":"closed","ping_status":"open","sticky":false,"template":"","format":"standard","meta":{"footnotes":""},"categories":[3],"tags":[],"class_list":["post-219101","post","type-post","status-publish","format-standard","has-post-thumbnail","hentry","category-politica"],"_links":{"self":[{"href":"https:\/\/corrientesdetarde.com\/index.php\/wp-json\/wp\/v2\/posts\/219101","targetHints":{"allow":["GET"]}}],"collection":[{"href":"https:\/\/corrientesdetarde.com\/index.php\/wp-json\/wp\/v2\/posts"}],"about":[{"href":"https:\/\/corrientesdetarde.com\/index.php\/wp-json\/wp\/v2\/types\/post"}],"author":[{"embeddable":true,"href":"https:\/\/corrientesdetarde.com\/index.php\/wp-json\/wp\/v2\/users\/6"}],"replies":[{"embeddable":true,"href":"https:\/\/corrientesdetarde.com\/index.php\/wp-json\/wp\/v2\/comments?post=219101"}],"version-history":[{"count":1,"href":"https:\/\/corrientesdetarde.com\/index.php\/wp-json\/wp\/v2\/posts\/219101\/revisions"}],"predecessor-version":[{"id":219109,"href":"https:\/\/corrientesdetarde.com\/index.php\/wp-json\/wp\/v2\/posts\/219101\/revisions\/219109"}],"wp:featuredmedia":[{"embeddable":true,"href":"https:\/\/corrientesdetarde.com\/index.php\/wp-json\/wp\/v2\/media\/219108"}],"wp:attachment":[{"href":"https:\/\/corrientesdetarde.com\/index.php\/wp-json\/wp\/v2\/media?parent=219101"}],"wp:term":[{"taxonomy":"category","embeddable":true,"href":"https:\/\/corrientesdetarde.com\/index.php\/wp-json\/wp\/v2\/categories?post=219101"},{"taxonomy":"post_tag","embeddable":true,"href":"https:\/\/corrientesdetarde.com\/index.php\/wp-json\/wp\/v2\/tags?post=219101"}],"curies":[{"name":"wp","href":"https:\/\/api.w.org\/{rel}","templated":true}]}}