{"id":219129,"date":"2025-07-26T16:38:16","date_gmt":"2025-07-26T19:38:16","guid":{"rendered":"https:\/\/corrientesdetarde.com\/?p=219129"},"modified":"2025-07-26T16:38:20","modified_gmt":"2025-07-26T19:38:20","slug":"se-solicita-colaboracion-para-encontrar-a-lopez-roberto-de-45-anos","status":"publish","type":"post","link":"https:\/\/corrientesdetarde.com\/index.php\/sociales\/se-solicita-colaboracion-para-encontrar-a-lopez-roberto-de-45-anos\/","title":{"rendered":"Se solicita colaboraci\u00f3n para encontrar a Lopez Roberto de 45 a\u00f1os"},"content":{"rendered":"\n<p>Se pide colaboraci\u00f3n para encontrar el paradero de Roberto Lopez, de 45 a\u00f1os de edad. Esta solicitud fue emitida desde la Comisar\u00eda del Distrito Concepci\u00f3n, el d\u00eda de hoy (26 de julio), por una persona de apellido Fern\u00e1ndez. <\/p>\n\n\n\n<p>Si lo viste, o ten\u00e9s informaci\u00f3n valiosa, pod\u00e9s contactarte con el Nro 3782-497010, con la Dependencia Policial m\u00e1s cercana a tu domicilio. <\/p>\n\n\n\n<p>Tambi\u00e9n esta disponible el n\u00famero gratuito del Sistema Integral de Seguridad (S.I.S.) 911 en la<br>Capital y 101 en el Interior Provincial.<\/p>\n\n\n\n<p><br><\/p>\n\n\n<div class=\"wp-block-image\">\n<figure class=\"aligncenter size-full\"><img decoding=\"async\" src=\"https:\/\/corrientesdetarde.com\/wp-content\/uploads\/2025\/07\/image-850.png\" alt=\"\" class=\"wp-image-219132\"\/><\/figure>\n<\/div>","protected":false},"excerpt":{"rendered":"<p>Se pide colaboraci\u00f3n para encontrar el paradero de Roberto Lopez, de 45 a\u00f1os de edad. Esta solicitud fue emitida desde la Comisar\u00eda del Distrito Concepci\u00f3n, el d\u00eda de hoy (26&hellip; <\/p>\n","protected":false},"author":1,"featured_media":219132,"comment_status":"closed","ping_status":"open","sticky":false,"template":"","format":"standard","meta":{"footnotes":""},"categories":[33,17],"tags":[],"class_list":["post-219129","post","type-post","status-publish","format-standard","has-post-thumbnail","hentry","category-policiales","category-sociales"],"_links":{"self":[{"href":"https:\/\/corrientesdetarde.com\/index.php\/wp-json\/wp\/v2\/posts\/219129","targetHints":{"allow":["GET"]}}],"collection":[{"href":"https:\/\/corrientesdetarde.com\/index.php\/wp-json\/wp\/v2\/posts"}],"about":[{"href":"https:\/\/corrientesdetarde.com\/index.php\/wp-json\/wp\/v2\/types\/post"}],"author":[{"embeddable":true,"href":"https:\/\/corrientesdetarde.com\/index.php\/wp-json\/wp\/v2\/users\/1"}],"replies":[{"embeddable":true,"href":"https:\/\/corrientesdetarde.com\/index.php\/wp-json\/wp\/v2\/comments?post=219129"}],"version-history":[{"count":1,"href":"https:\/\/corrientesdetarde.com\/index.php\/wp-json\/wp\/v2\/posts\/219129\/revisions"}],"predecessor-version":[{"id":219133,"href":"https:\/\/corrientesdetarde.com\/index.php\/wp-json\/wp\/v2\/posts\/219129\/revisions\/219133"}],"wp:featuredmedia":[{"embeddable":true,"href":"https:\/\/corrientesdetarde.com\/index.php\/wp-json\/wp\/v2\/media\/219132"}],"wp:attachment":[{"href":"https:\/\/corrientesdetarde.com\/index.php\/wp-json\/wp\/v2\/media?parent=219129"}],"wp:term":[{"taxonomy":"category","embeddable":true,"href":"https:\/\/corrientesdetarde.com\/index.php\/wp-json\/wp\/v2\/categories?post=219129"},{"taxonomy":"post_tag","embeddable":true,"href":"https:\/\/corrientesdetarde.com\/index.php\/wp-json\/wp\/v2\/tags?post=219129"}],"curies":[{"name":"wp","href":"https:\/\/api.w.org\/{rel}","templated":true}]}}