{"id":219225,"date":"2025-07-27T21:37:58","date_gmt":"2025-07-28T00:37:58","guid":{"rendered":"https:\/\/corrientesdetarde.com\/?p=219225"},"modified":"2025-07-27T21:38:10","modified_gmt":"2025-07-28T00:38:10","slug":"la-sociedad-rural-defendio-la-baja-de-retenciones-el-campo-es-el-que-te-da-de-comer-hay-que-reactivar","status":"publish","type":"post","link":"https:\/\/corrientesdetarde.com\/index.php\/economia\/la-sociedad-rural-defendio-la-baja-de-retenciones-el-campo-es-el-que-te-da-de-comer-hay-que-reactivar\/","title":{"rendered":"La Sociedad Rural defendi\u00f3 la baja de retenciones: &#8220;El campo es el que te da de comer, hay que reactivar&#8221;"},"content":{"rendered":"\n<h2 class=\"wp-block-heading\">Marcos Pereda, vicepresidente de la entidad, dijo que marca \u201cuna se\u00f1al muy positiva\u201d para el sector agropecuario. &#8220;Fue una grata sorpresa&#8221;, afirm\u00f3.<\/h2>\n\n\n\n<p><strong>El vicepresidente de la Sociedad Rural Argentina, Marcos Pereda, celebr\u00f3 las medidas anunciadas por el presidente Javier Milei&nbsp;<\/strong>en la Exposici\u00f3n Rural de Palermo, especialmente la reducci\u00f3n permanente de retenciones para la soja y el ma\u00edz.&nbsp;<strong>Consider\u00f3 que la decisi\u00f3n \u201ces clave para la pr\u00f3xima siembra\u201d y marca \u201cuna se\u00f1al muy positiva\u201d para el sector agropecuario.<\/strong><\/p>\n\n\n\n<p>\u201c<strong>Fue una grata sorpresa, una muy buena noticia. Es un 20% de baja, son siete puntos menos en soja y ma\u00edz, y eso impacta directamente en la gruesa<\/strong>. Adem\u00e1s, la baja no es temporal: eso es lo que m\u00e1s celebramos\u201d, sostuvo Pereda en di\u00e1logo con\u00a0<strong>Radio Rivadavia<\/strong>.<\/p>\n\n\n\n<p>El dirigente rural remarc\u00f3 la necesidad de eliminar completamente las retenciones en el futuro y dijo tener confianza en que el gobierno libertario avanzar\u00e1 en ese camino.<\/p>\n\n\n\n<p>\u201c<strong>S\u00ed, creemos que en el tiempo va a poder hacerlo. Obviamente dependen de las condiciones macroecon\u00f3micas, pero estamos en buen camino<\/strong>\u201d, afirm\u00f3.<\/p>\n\n\n\n<p>Al ser consultado sobre el fuerte recibimiento que tuvo Javier Milei en la inauguraci\u00f3n oficial de la Rural, Pereda fue claro: \u201c<strong>Fue un momento muy lindo. El presidente se sinti\u00f3 c\u00f3modo. Hac\u00eda a\u00f1os que no ve\u00edamos un jefe de Estado tan bien recibido ac\u00e1. Desde Menem o Macri no se ve\u00eda algo as\u00ed. Hay una energ\u00eda especial entre Milei y el campo<\/strong>\u201d.<\/p>\n\n\n\n<p>Pereda explic\u00f3 tambi\u00e9n por qu\u00e9 hist\u00f3ricamente no se logran eliminar del todo las retenciones, pese al argumento del sector de que sin ellas el Estado recaudar\u00eda m\u00e1s: \u201c<strong>El sistema actual es perverso. Las retenciones se cobran por adelantado sobre ventas, no sobre ganancias. Representan entre 1,5 y 2 puntos del PBI<\/strong>. Sin cr\u00e9dito externo, para el gobierno son un ingreso clave, pero a la larga frenan la producci\u00f3n\u201d.<\/p>\n\n\n\n<p>Respecto a las cr\u00edticas del kirchnerismo, que acusaron al gobierno de \u201cbeneficiar a los ricos\u201d, Pereda fue tajante: \u201c<strong>El campo es el que te da de comer. Esto no son beneficios al campo, son medidas para reactivar la econom\u00eda. Si a vos te sacan de tu actividad por culpa de estos impuestos, gener\u00e1s pobreza<\/strong>. Esta decisi\u00f3n busca generar riqueza para que despu\u00e9s pueda llegar a todos\u201d.<\/p>\n\n\n\n<p>Tambi\u00e9n respondi\u00f3 a las dudas sobre el impacto inmediato de las medidas, debido a que la cosecha gruesa ya termin\u00f3: \u201c<strong>S\u00ed, es cierto que ya se vendi\u00f3 m\u00e1s de lo habitual por la baja temporal anterior, por eso ahora puede que no se note tanto. Pero este mensaje de que las retenciones bajan para siempre es fundamental<\/strong>. Genera confianza y cambia el \u00e1nimo del productor\u201d.<\/p>\n\n\n\n<p>Seg\u00fan estimaciones del propio dirigente, si las retenciones fueran eliminadas del todo, la producci\u00f3n podr\u00eda aumentar un 50%, lo que generar\u00eda cientos de miles de nuevos empleos en la cadena agroindustrial. \u201c<strong>Hoy el campo y la agroindustria generan 2,6 millones de puestos de trabajo. Con esta medida podr\u00edamos sumar tranquilamente un 20% m\u00e1s<\/strong>. Es la energ\u00eda que necesita el pa\u00eds para salir adelante\u201d, destac\u00f3.<\/p>\n\n\n\n<p>Finalmente, se refiri\u00f3 a la pol\u00e9mica ausencia de la vicepresidenta Victoria Villarruel en el acto central. Aclar\u00f3 que estaba invitada, con asiento reservado: \u201c<strong>Ten\u00eda su silla asignada, muy cerca m\u00edo, pero finalmente no asisti\u00f3. No s\u00e9 qu\u00e9 pas\u00f3. Desde nuestro lado no hubo ninguna restricci\u00f3n<\/strong>\u201d.<\/p>\n\n\n\n<p>Para Pereda, el balance general fue positivo.&nbsp;<strong>\u201cFue una muestra de apoyo muy fuerte. El campo est\u00e1 esperanzado, y cuando el campo se mueve, se mueve todo el pa\u00eds<\/strong>\u201d, cerr\u00f3.<\/p>\n","protected":false},"excerpt":{"rendered":"<p>Marcos Pereda, vicepresidente de la entidad, dijo que marca \u201cuna se\u00f1al muy positiva\u201d para el sector agropecuario. &#8220;Fue una grata sorpresa&#8221;, afirm\u00f3. El vicepresidente de la Sociedad Rural Argentina, Marcos&hellip; <\/p>\n","protected":false},"author":4,"featured_media":219226,"comment_status":"closed","ping_status":"open","sticky":false,"template":"","format":"standard","meta":{"footnotes":""},"categories":[20],"tags":[],"class_list":["post-219225","post","type-post","status-publish","format-standard","has-post-thumbnail","hentry","category-economia"],"_links":{"self":[{"href":"https:\/\/corrientesdetarde.com\/index.php\/wp-json\/wp\/v2\/posts\/219225","targetHints":{"allow":["GET"]}}],"collection":[{"href":"https:\/\/corrientesdetarde.com\/index.php\/wp-json\/wp\/v2\/posts"}],"about":[{"href":"https:\/\/corrientesdetarde.com\/index.php\/wp-json\/wp\/v2\/types\/post"}],"author":[{"embeddable":true,"href":"https:\/\/corrientesdetarde.com\/index.php\/wp-json\/wp\/v2\/users\/4"}],"replies":[{"embeddable":true,"href":"https:\/\/corrientesdetarde.com\/index.php\/wp-json\/wp\/v2\/comments?post=219225"}],"version-history":[{"count":1,"href":"https:\/\/corrientesdetarde.com\/index.php\/wp-json\/wp\/v2\/posts\/219225\/revisions"}],"predecessor-version":[{"id":219227,"href":"https:\/\/corrientesdetarde.com\/index.php\/wp-json\/wp\/v2\/posts\/219225\/revisions\/219227"}],"wp:featuredmedia":[{"embeddable":true,"href":"https:\/\/corrientesdetarde.com\/index.php\/wp-json\/wp\/v2\/media\/219226"}],"wp:attachment":[{"href":"https:\/\/corrientesdetarde.com\/index.php\/wp-json\/wp\/v2\/media?parent=219225"}],"wp:term":[{"taxonomy":"category","embeddable":true,"href":"https:\/\/corrientesdetarde.com\/index.php\/wp-json\/wp\/v2\/categories?post=219225"},{"taxonomy":"post_tag","embeddable":true,"href":"https:\/\/corrientesdetarde.com\/index.php\/wp-json\/wp\/v2\/tags?post=219225"}],"curies":[{"name":"wp","href":"https:\/\/api.w.org\/{rel}","templated":true}]}}