{"id":219243,"date":"2025-07-27T21:51:34","date_gmt":"2025-07-28T00:51:34","guid":{"rendered":"https:\/\/corrientesdetarde.com\/?p=219243"},"modified":"2025-07-27T21:51:37","modified_gmt":"2025-07-28T00:51:37","slug":"polich-visito-la-cooperativa-corrientes-recicla-y-reafirmo-su-compromiso-con-el-cuidado-del-ambiente","status":"publish","type":"post","link":"https:\/\/corrientesdetarde.com\/index.php\/politica\/polich-visito-la-cooperativa-corrientes-recicla-y-reafirmo-su-compromiso-con-el-cuidado-del-ambiente\/","title":{"rendered":"Polich visit\u00f3 la cooperativa &#8220;Corrientes Recicla&#8221; y reafirm\u00f3 su compromiso con el cuidado del ambiente"},"content":{"rendered":"\n<p>Continuando con su agenda de recorridos por puntos claves de la ciudad, el candidato a intendente de Corrientes Capital, Claudio Polich, visit\u00f3 la cooperativa \u201cCorrientes Recicla\u201d, ubicada en el barrio Ongay, para dialogar con sus integrantes, conocer la situaci\u00f3n actual del espacio y escuchar las principales necesidades del sector.<\/p>\n\n\n\n<p>La cooperativa desempe\u00f1a un rol fundamental en la erradicaci\u00f3n de basurales a cielo abierto en la ciudad, mediante la recolecci\u00f3n, clasificaci\u00f3n y reciclado de materiales como cart\u00f3n y pl\u00e1stico. Polich valor\u00f3 el trabajo de la cooperativa como un ejemplo de esfuerzo colectivo y compromiso ambiental.<\/p>\n\n\n\n<p>\u201cEs una tarea muy importante la que se realiza en este lugar, por las caracter\u00edsticas que tiene y lo fundamental que es que cualquier comunidad pueda reciclar sus residuos. Y en este lugar, mediante el trabajo cooperativo lo que se hace es darle valor al residuo. Tambi\u00e9n a trav\u00e9s del trabajo de este equipo, la inserci\u00f3n econ\u00f3mica y social vamos logrando un efecto que se ve en el medio ambiente, para sanear espacios que para la mayor\u00eda es una molestia y que justamente tiene que ver con lo residuos\u201d, expres\u00f3.<\/p>\n\n\n\n<p>Desde la cooperativa, con la ayuda del municipio, se recolectan toneladas de materiales reciclables, cumpliendo un rol clave en la gesti\u00f3n de residuos de la ciudad.&nbsp;<\/p>\n\n\n\n<p>La visita forma parte del compromiso de Claudio Polich de fortalecer una Corrientes m\u00e1s sustentable, solidaria y con visi\u00f3n a largo plazo para un futuro mejor.<\/p>\n","protected":false},"excerpt":{"rendered":"<p>Continuando con su agenda de recorridos por puntos claves de la ciudad, el candidato a intendente de Corrientes Capital, Claudio Polich, visit\u00f3 la cooperativa \u201cCorrientes Recicla\u201d, ubicada en el barrio&hellip; <\/p>\n","protected":false},"author":4,"featured_media":219244,"comment_status":"closed","ping_status":"open","sticky":false,"template":"","format":"standard","meta":{"footnotes":""},"categories":[3],"tags":[],"class_list":["post-219243","post","type-post","status-publish","format-standard","has-post-thumbnail","hentry","category-politica"],"_links":{"self":[{"href":"https:\/\/corrientesdetarde.com\/index.php\/wp-json\/wp\/v2\/posts\/219243","targetHints":{"allow":["GET"]}}],"collection":[{"href":"https:\/\/corrientesdetarde.com\/index.php\/wp-json\/wp\/v2\/posts"}],"about":[{"href":"https:\/\/corrientesdetarde.com\/index.php\/wp-json\/wp\/v2\/types\/post"}],"author":[{"embeddable":true,"href":"https:\/\/corrientesdetarde.com\/index.php\/wp-json\/wp\/v2\/users\/4"}],"replies":[{"embeddable":true,"href":"https:\/\/corrientesdetarde.com\/index.php\/wp-json\/wp\/v2\/comments?post=219243"}],"version-history":[{"count":1,"href":"https:\/\/corrientesdetarde.com\/index.php\/wp-json\/wp\/v2\/posts\/219243\/revisions"}],"predecessor-version":[{"id":219245,"href":"https:\/\/corrientesdetarde.com\/index.php\/wp-json\/wp\/v2\/posts\/219243\/revisions\/219245"}],"wp:featuredmedia":[{"embeddable":true,"href":"https:\/\/corrientesdetarde.com\/index.php\/wp-json\/wp\/v2\/media\/219244"}],"wp:attachment":[{"href":"https:\/\/corrientesdetarde.com\/index.php\/wp-json\/wp\/v2\/media?parent=219243"}],"wp:term":[{"taxonomy":"category","embeddable":true,"href":"https:\/\/corrientesdetarde.com\/index.php\/wp-json\/wp\/v2\/categories?post=219243"},{"taxonomy":"post_tag","embeddable":true,"href":"https:\/\/corrientesdetarde.com\/index.php\/wp-json\/wp\/v2\/tags?post=219243"}],"curies":[{"name":"wp","href":"https:\/\/api.w.org\/{rel}","templated":true}]}}