{"id":219246,"date":"2025-07-27T23:00:20","date_gmt":"2025-07-28T02:00:20","guid":{"rendered":"https:\/\/corrientesdetarde.com\/?p=219246"},"modified":"2025-07-27T23:00:25","modified_gmt":"2025-07-28T02:00:25","slug":"tiene-16-anos-corrio-los-100-metros-en-10-segundos-y-batio-un-nuevo-record-mundial","status":"publish","type":"post","link":"https:\/\/corrientesdetarde.com\/index.php\/deportes\/tiene-16-anos-corrio-los-100-metros-en-10-segundos-y-batio-un-nuevo-record-mundial\/","title":{"rendered":"Tiene 16 a\u00f1os, corri\u00f3 los 100 metros en 10 segundos y bati\u00f3 un nuevo r\u00e9cord mundial"},"content":{"rendered":"\n<p>El japon\u00e9s Sorato Shimizu hizo la hist\u00f3rica marca en el Campeonato Inter-Escuelas Secundarias de su pa\u00eds y se convirti\u00f3 en el m\u00e1s veloz de la categor\u00eda Sub-18.&nbsp;<\/p>\n\n\n\n<p>El atletismo fue testigo de una nueva proeza, luego de que un velocista japon\u00e9s de 16 a\u00f1os batiera el r\u00e9cord mundial de la categor\u00eda Sub-18 en los 100 metros. El h\u00e9roe de esta historia es Sorato Shimizu, quien coloc\u00f3 su nombre en lo m\u00e1s alto de la escena del deporte al lograr una marca de 10.00 segundos, con viento legal de +1.7 m\/s, en un campeonato inter escolar.<\/p>\n\n\n\n<p>El pasado 4 de julio, Shimizu ya hab\u00eda dejado entrever su potencial al registrar 10,19 segundos en las series de los Campeonatos absolutos de Jap\u00f3n, quedando a una cent\u00e9sima de acceder a la final con un tiempo de 10,25. Sin embargo, fue en el Campeonato Inter-Escuelas Secundarias del pa\u00eds nip\u00f3n donde el atleta nacido el 8 de febrero de 2009 alcanz\u00f3 la notoriedad internacional.<\/p>\n\n\n\n<p>All\u00ed, en una competici\u00f3n considerada menor, detuvo el cron\u00f3metro en 10,00 segundos, estableciendo un nuevo r\u00e9cord mundial Sub-18 y superando los 10,06 que compart\u00edan el estadounidense Christian Miller y el tailand\u00e9s Puripol Boonson desde 2023. Cabe destacar que la marca del &#8220;hombre m\u00e1s veloz del planeta&#8221; contin\u00faa siendo el jamaiquino Usain Bolt, quien ostenta el registro de 9.58 segundos en el crono, conseguido en el Mundial de Berl\u00edn en 2009.<\/p>\n\n\n\n<p>La velocidad masculina japonesa se destac\u00f3 en el \u00faltimo tiempo en pruebas colectivas, como lo demuestra el relevo 4&#215;100, que ha cosechado varias medallas ol\u00edmpicas y mundiales desde la plata obtenida en los Juegos de Beijing 2008. En Par\u00eds 2024, el equipo nip\u00f3n finaliz\u00f3 en la quinta posici\u00f3n en el relevo corto, consolidando su reputaci\u00f3n en la disciplina grupal.<\/p>\n\n\n\n<p>No obstante, el pa\u00eds asi\u00e1tico ha carecido de figuras individuales capaces de dominar la escena internacional, una falencia que muchos pensaron que podr\u00eda subsanar Abdul Hakim Sani Brown. Este atleta, hijo de madre japonesa y padre ghan\u00e9s, sorprendi\u00f3 al mundo con su doble medalla de oro en los 100 y 200 metros del Mundial Sub-18 de Cali 2015.<\/p>\n\n\n\n<p>En el Mundial absoluto de Eugene 2022, Brown se convirti\u00f3 en el primer japon\u00e9s en alcanzar la final de los 100 metros, donde termin\u00f3 s\u00e9ptimo. A pesar de este logro, su progresi\u00f3n no ha cumplido las expectativas. Su mejor marca, 9,96 segundos (0,5), la consigui\u00f3 en las semifinales de los Juegos de Par\u00eds, pero no le permiti\u00f3 avanzar a la final. Este estancamiento ha intensificado la atenci\u00f3n sobre la irrupci\u00f3n de Shimizu, quien, con solo 16 a\u00f1os, ha logrado una marca que iguala la m\u00ednima exigida por World Athletics para el Mundial de Tokio, que se disputar\u00e1 entre el 13 y el 21 de septiembre de 2025.<\/p>\n\n\n\n<p>La clasificaci\u00f3n de Shimizu para el Mundial a\u00fan depende de los criterios de la Federaci\u00f3n Japonesa, ya que no obtuvo plaza en el campeonato nacional. Actualmente, solo dos velocistas nipones est\u00e1n clasificados en los 100 metros: uno por m\u00ednima \u2014el propio Brown, quien este a\u00f1o no ha bajado de 10,31 segundos\u2014 y otro por puntos, lo que deja te\u00f3ricamente una plaza libre. No obstante, su inclusi\u00f3n en el relevo parece poco probable, dado que el cuarteto japon\u00e9s mantiene una estructura estable y requiere tiempo para integrar nuevos miembros, especialmente en los cambios de testigo.<\/p>\n\n\n\n<p>La expectativa en torno a la posible participaci\u00f3n de Shimizu en el Mundial de Tokio refleja tanto la esperanza de ver a una nueva figura individual en la velocidad japonesa como la incertidumbre sobre su futuro inmediato. La marca de 10,00 segundos no solo representa un r\u00e9cord mundial Sub-18, sino que tambi\u00e9n simboliza la posibilidad de un cambio generacional en el atletismo del pa\u00eds.<\/p>\n","protected":false},"excerpt":{"rendered":"<p>El japon\u00e9s Sorato Shimizu hizo la hist\u00f3rica marca en el Campeonato Inter-Escuelas Secundarias de su pa\u00eds y se convirti\u00f3 en el m\u00e1s veloz de la categor\u00eda Sub-18.&nbsp; El atletismo fue&hellip; <\/p>\n","protected":false},"author":4,"featured_media":219247,"comment_status":"closed","ping_status":"open","sticky":false,"template":"","format":"standard","meta":{"footnotes":""},"categories":[4],"tags":[],"class_list":["post-219246","post","type-post","status-publish","format-standard","has-post-thumbnail","hentry","category-deportes"],"_links":{"self":[{"href":"https:\/\/corrientesdetarde.com\/index.php\/wp-json\/wp\/v2\/posts\/219246","targetHints":{"allow":["GET"]}}],"collection":[{"href":"https:\/\/corrientesdetarde.com\/index.php\/wp-json\/wp\/v2\/posts"}],"about":[{"href":"https:\/\/corrientesdetarde.com\/index.php\/wp-json\/wp\/v2\/types\/post"}],"author":[{"embeddable":true,"href":"https:\/\/corrientesdetarde.com\/index.php\/wp-json\/wp\/v2\/users\/4"}],"replies":[{"embeddable":true,"href":"https:\/\/corrientesdetarde.com\/index.php\/wp-json\/wp\/v2\/comments?post=219246"}],"version-history":[{"count":1,"href":"https:\/\/corrientesdetarde.com\/index.php\/wp-json\/wp\/v2\/posts\/219246\/revisions"}],"predecessor-version":[{"id":219248,"href":"https:\/\/corrientesdetarde.com\/index.php\/wp-json\/wp\/v2\/posts\/219246\/revisions\/219248"}],"wp:featuredmedia":[{"embeddable":true,"href":"https:\/\/corrientesdetarde.com\/index.php\/wp-json\/wp\/v2\/media\/219247"}],"wp:attachment":[{"href":"https:\/\/corrientesdetarde.com\/index.php\/wp-json\/wp\/v2\/media?parent=219246"}],"wp:term":[{"taxonomy":"category","embeddable":true,"href":"https:\/\/corrientesdetarde.com\/index.php\/wp-json\/wp\/v2\/categories?post=219246"},{"taxonomy":"post_tag","embeddable":true,"href":"https:\/\/corrientesdetarde.com\/index.php\/wp-json\/wp\/v2\/tags?post=219246"}],"curies":[{"name":"wp","href":"https:\/\/api.w.org\/{rel}","templated":true}]}}