{"id":219254,"date":"2025-07-28T08:39:01","date_gmt":"2025-07-28T11:39:01","guid":{"rendered":"https:\/\/corrientesdetarde.com\/?p=219254"},"modified":"2025-07-28T10:17:54","modified_gmt":"2025-07-28T13:17:54","slug":"dengue-recomiendan-vacunarse-en-invierno-para-alcanzar-la-inmunizacion-en-verano","status":"publish","type":"post","link":"https:\/\/corrientesdetarde.com\/index.php\/bienestar-y-salud\/dengue-recomiendan-vacunarse-en-invierno-para-alcanzar-la-inmunizacion-en-verano\/","title":{"rendered":"Dengue: recomiendan vacunarse en invierno para alcanzar la inmunizaci\u00f3n en verano"},"content":{"rendered":"\n<p>En esta coyuntura, los especialistas insisten en la importancia de iniciar en invierno el esquema de vacunaci\u00f3n con la dosis tetravalente contra el dengue, una estrategia clave para alcanzar la inmunizaci\u00f3n completa antes de la llegada del verano y as\u00ed reducir el riesgo de enfermedad grave o internaci\u00f3n durante la temporada estival, la de mayor circulaci\u00f3n del virus.<\/p>\n\n\n\n<p>&#8220;El invierno es el momento ideal para iniciar el esquema de vacunaci\u00f3n. Aquellos que reciban la primera dosis en estas semanas y la segunda 90 d\u00edas despu\u00e9s, durante la primavera llegar\u00e1n a la temporada estival -que es cuando comienzan a aumentar los casos de dengue si se produce un nuevo brote-, con la protecci\u00f3n completa que brinda la vacuna&#8221;, afirm\u00f3 el doctor Pablo Bonveh\u00ed, jefe de Infectolog\u00eda del Hospital Universitario CEMIC, integrante del Departamento Cient\u00edfico de la Fundaci\u00f3n Vacunar y miembro del Comit\u00e9 de Vacunas de la Sociedad Argentina de Infectolog\u00eda (SADI).<\/p>\n\n\n\n<p>Por su parte, Florencia Cahn, m\u00e9dica infect\u00f3loga, directora de vacunas de la Fundaci\u00f3n Hu\u00e9sped y miembro de la comisi\u00f3n directiva de la Sociedad Argentina de Vacunolog\u00eda y Epidemiolog\u00eda (SAVE), advirti\u00f3: &#8220;Muchas personas creen que la segunda dosis de la vacuna funciona como un refuerzo, pero no es as\u00ed. El esquema completo requiere dos dosis. Con una sola, la protecci\u00f3n a largo plazo es incompleta&#8221;.<\/p>\n\n\n\n<p>La infecci\u00f3n por dengue puede cursar de forma asintom\u00e1tica o leve, especialmente en el primer contagio. Sin embargo, el riesgo de desarrollar formas graves de la enfermedad se incrementa con una segunda infecci\u00f3n, sobre todo si esta ocurre con un serotipo diferente al primero y la persona no est\u00e1 vacunada.<\/p>\n","protected":false},"excerpt":{"rendered":"<p>En esta coyuntura, los especialistas insisten en la importancia de iniciar en invierno el esquema de vacunaci\u00f3n con la dosis tetravalente contra el dengue, una estrategia clave para alcanzar la&hellip; <\/p>\n","protected":false},"author":1,"featured_media":184674,"comment_status":"closed","ping_status":"open","sticky":false,"template":"","format":"standard","meta":{"footnotes":""},"categories":[16,26],"tags":[],"class_list":["post-219254","post","type-post","status-publish","format-standard","has-post-thumbnail","hentry","category-bienestar-y-salud","category-destacados"],"_links":{"self":[{"href":"https:\/\/corrientesdetarde.com\/index.php\/wp-json\/wp\/v2\/posts\/219254","targetHints":{"allow":["GET"]}}],"collection":[{"href":"https:\/\/corrientesdetarde.com\/index.php\/wp-json\/wp\/v2\/posts"}],"about":[{"href":"https:\/\/corrientesdetarde.com\/index.php\/wp-json\/wp\/v2\/types\/post"}],"author":[{"embeddable":true,"href":"https:\/\/corrientesdetarde.com\/index.php\/wp-json\/wp\/v2\/users\/1"}],"replies":[{"embeddable":true,"href":"https:\/\/corrientesdetarde.com\/index.php\/wp-json\/wp\/v2\/comments?post=219254"}],"version-history":[{"count":1,"href":"https:\/\/corrientesdetarde.com\/index.php\/wp-json\/wp\/v2\/posts\/219254\/revisions"}],"predecessor-version":[{"id":219256,"href":"https:\/\/corrientesdetarde.com\/index.php\/wp-json\/wp\/v2\/posts\/219254\/revisions\/219256"}],"wp:featuredmedia":[{"embeddable":true,"href":"https:\/\/corrientesdetarde.com\/index.php\/wp-json\/wp\/v2\/media\/184674"}],"wp:attachment":[{"href":"https:\/\/corrientesdetarde.com\/index.php\/wp-json\/wp\/v2\/media?parent=219254"}],"wp:term":[{"taxonomy":"category","embeddable":true,"href":"https:\/\/corrientesdetarde.com\/index.php\/wp-json\/wp\/v2\/categories?post=219254"},{"taxonomy":"post_tag","embeddable":true,"href":"https:\/\/corrientesdetarde.com\/index.php\/wp-json\/wp\/v2\/tags?post=219254"}],"curies":[{"name":"wp","href":"https:\/\/api.w.org\/{rel}","templated":true}]}}