{"id":219258,"date":"2025-07-28T08:44:00","date_gmt":"2025-07-28T11:44:00","guid":{"rendered":"https:\/\/corrientesdetarde.com\/?p=219258"},"modified":"2025-07-28T08:44:06","modified_gmt":"2025-07-28T11:44:06","slug":"un-motociclista-murio-tras-chocar-contra-un-poste-de-alumbrado","status":"publish","type":"post","link":"https:\/\/corrientesdetarde.com\/index.php\/policiales\/un-motociclista-murio-tras-chocar-contra-un-poste-de-alumbrado\/","title":{"rendered":"Un motociclista muri\u00f3 tras chocar contra un poste de alumbrado"},"content":{"rendered":"\n<p><\/p>\n\n\n\n<p><\/p>\n\n\n\n<p>La Polic\u00eda de Corrientes inform\u00f3 que en la ma\u00f1ana de este domingo se produjo un fatal accidente en la capital correntina.<\/p>\n\n\n\n<p>El hecho ocurri\u00f3 alrededor de las 7.20 de este domingo en inmediaciones de avenida Cazadores Correntinos y calle Thames, donde una motocicleta impact\u00f3 contra un poste de alumbrado p\u00fablico.<\/p>\n\n\n\n<p>Efectivos que llegaron al sitio mencionado, identificaron a un hombre de apellido Falc\u00f3n, de 43 a\u00f1os, quien muri\u00f3 en el lugar debido al impacto del accidente.<\/p>\n\n\n\n<p>Al respecto, se realizaron las diligencias del caso en la dependencia correspondiente, mientras que la Unidad Fiscal de Investigaci\u00f3n tom\u00f3 intervenci\u00f3n en el asunto.<\/p>\n","protected":false},"excerpt":{"rendered":"<p>La Polic\u00eda de Corrientes inform\u00f3 que en la ma\u00f1ana de este domingo se produjo un fatal accidente en la capital correntina. El hecho ocurri\u00f3 alrededor de las 7.20 de este&hellip; <\/p>\n","protected":false},"author":1,"featured_media":208214,"comment_status":"closed","ping_status":"open","sticky":false,"template":"","format":"standard","meta":{"footnotes":""},"categories":[33],"tags":[],"class_list":["post-219258","post","type-post","status-publish","format-standard","has-post-thumbnail","hentry","category-policiales"],"_links":{"self":[{"href":"https:\/\/corrientesdetarde.com\/index.php\/wp-json\/wp\/v2\/posts\/219258","targetHints":{"allow":["GET"]}}],"collection":[{"href":"https:\/\/corrientesdetarde.com\/index.php\/wp-json\/wp\/v2\/posts"}],"about":[{"href":"https:\/\/corrientesdetarde.com\/index.php\/wp-json\/wp\/v2\/types\/post"}],"author":[{"embeddable":true,"href":"https:\/\/corrientesdetarde.com\/index.php\/wp-json\/wp\/v2\/users\/1"}],"replies":[{"embeddable":true,"href":"https:\/\/corrientesdetarde.com\/index.php\/wp-json\/wp\/v2\/comments?post=219258"}],"version-history":[{"count":1,"href":"https:\/\/corrientesdetarde.com\/index.php\/wp-json\/wp\/v2\/posts\/219258\/revisions"}],"predecessor-version":[{"id":219259,"href":"https:\/\/corrientesdetarde.com\/index.php\/wp-json\/wp\/v2\/posts\/219258\/revisions\/219259"}],"wp:featuredmedia":[{"embeddable":true,"href":"https:\/\/corrientesdetarde.com\/index.php\/wp-json\/wp\/v2\/media\/208214"}],"wp:attachment":[{"href":"https:\/\/corrientesdetarde.com\/index.php\/wp-json\/wp\/v2\/media?parent=219258"}],"wp:term":[{"taxonomy":"category","embeddable":true,"href":"https:\/\/corrientesdetarde.com\/index.php\/wp-json\/wp\/v2\/categories?post=219258"},{"taxonomy":"post_tag","embeddable":true,"href":"https:\/\/corrientesdetarde.com\/index.php\/wp-json\/wp\/v2\/tags?post=219258"}],"curies":[{"name":"wp","href":"https:\/\/api.w.org\/{rel}","templated":true}]}}