{"id":219262,"date":"2025-07-28T08:58:20","date_gmt":"2025-07-28T11:58:20","guid":{"rendered":"https:\/\/corrientesdetarde.com\/?p=219262"},"modified":"2025-07-28T08:58:25","modified_gmt":"2025-07-28T11:58:25","slug":"un-colectivo-de-larga-distancia-despisto-en-una-ruta-de-corrientes","status":"publish","type":"post","link":"https:\/\/corrientesdetarde.com\/index.php\/policiales\/un-colectivo-de-larga-distancia-despisto-en-una-ruta-de-corrientes\/","title":{"rendered":"Un colectivo de larga distancia despist\u00f3 en una ruta de Corrientes"},"content":{"rendered":"\n<p>Un colectivo de larga distancia despist\u00f3 este domingo sobre Ruta Provincial 129, en cercan\u00edas de la localidad de Monte Caseros. Solamente se registraron da\u00f1os materiales, informaron desde Bomberos Voluntarios.<\/p>\n\n\n\n<p>El hecho ocurri\u00f3 en el kil\u00f3metro 384 de RP 129, donde un colectivo despist\u00f3 . Al lugar se presentaron bomberos de las localidades de Juan Pujol y Monte Caseros para realizar tareas de rescate.<\/p>\n\n\n\n<p>Solamente se registraron da\u00f1os materiales por el incidente. Los pasajeros que resultaron heridos en el incidente fueron trasladados al hospital local de Monte Caseros para recibir atenci\u00f3n m\u00e9dica.&nbsp;<\/p>\n\n\n\n<p>A\u00fan se desconoce la gravedad de las lesiones, ya que los m\u00e9dicos contin\u00faan evaluando cada caso.<\/p>\n\n\n\n<figure class=\"wp-block-image size-full\"><img loading=\"lazy\" decoding=\"async\" width=\"350\" height=\"197\" src=\"https:\/\/corrientesdetarde.com\/wp-content\/uploads\/2025\/07\/17537038760529062939013192925004.jpg\" alt=\"\" class=\"wp-image-219263\" srcset=\"https:\/\/corrientesdetarde.com\/wp-content\/uploads\/2025\/07\/17537038760529062939013192925004.jpg 350w, https:\/\/corrientesdetarde.com\/wp-content\/uploads\/2025\/07\/17537038760529062939013192925004-300x169.jpg 300w\" sizes=\"auto, (max-width: 350px) 100vw, 350px\" \/><\/figure>\n","protected":false},"excerpt":{"rendered":"<p>Un colectivo de larga distancia despist\u00f3 este domingo sobre Ruta Provincial 129, en cercan\u00edas de la localidad de Monte Caseros. Solamente se registraron da\u00f1os materiales, informaron desde Bomberos Voluntarios. El&hellip; <\/p>\n","protected":false},"author":1,"featured_media":219263,"comment_status":"closed","ping_status":"open","sticky":false,"template":"","format":"standard","meta":{"footnotes":""},"categories":[33],"tags":[],"class_list":["post-219262","post","type-post","status-publish","format-standard","has-post-thumbnail","hentry","category-policiales"],"_links":{"self":[{"href":"https:\/\/corrientesdetarde.com\/index.php\/wp-json\/wp\/v2\/posts\/219262","targetHints":{"allow":["GET"]}}],"collection":[{"href":"https:\/\/corrientesdetarde.com\/index.php\/wp-json\/wp\/v2\/posts"}],"about":[{"href":"https:\/\/corrientesdetarde.com\/index.php\/wp-json\/wp\/v2\/types\/post"}],"author":[{"embeddable":true,"href":"https:\/\/corrientesdetarde.com\/index.php\/wp-json\/wp\/v2\/users\/1"}],"replies":[{"embeddable":true,"href":"https:\/\/corrientesdetarde.com\/index.php\/wp-json\/wp\/v2\/comments?post=219262"}],"version-history":[{"count":1,"href":"https:\/\/corrientesdetarde.com\/index.php\/wp-json\/wp\/v2\/posts\/219262\/revisions"}],"predecessor-version":[{"id":219264,"href":"https:\/\/corrientesdetarde.com\/index.php\/wp-json\/wp\/v2\/posts\/219262\/revisions\/219264"}],"wp:featuredmedia":[{"embeddable":true,"href":"https:\/\/corrientesdetarde.com\/index.php\/wp-json\/wp\/v2\/media\/219263"}],"wp:attachment":[{"href":"https:\/\/corrientesdetarde.com\/index.php\/wp-json\/wp\/v2\/media?parent=219262"}],"wp:term":[{"taxonomy":"category","embeddable":true,"href":"https:\/\/corrientesdetarde.com\/index.php\/wp-json\/wp\/v2\/categories?post=219262"},{"taxonomy":"post_tag","embeddable":true,"href":"https:\/\/corrientesdetarde.com\/index.php\/wp-json\/wp\/v2\/tags?post=219262"}],"curies":[{"name":"wp","href":"https:\/\/api.w.org\/{rel}","templated":true}]}}