{"id":219265,"date":"2025-07-28T09:01:51","date_gmt":"2025-07-28T12:01:51","guid":{"rendered":"https:\/\/corrientesdetarde.com\/?p=219265"},"modified":"2025-07-29T08:46:04","modified_gmt":"2025-07-29T11:46:04","slug":"con-cana-con-ruda-iniciara-la-feria-del-libro-en-caa-cati","status":"publish","type":"post","link":"https:\/\/corrientesdetarde.com\/index.php\/eventos\/con-cana-con-ruda-iniciara-la-feria-del-libro-en-caa-cati\/","title":{"rendered":"Con ca\u00f1a con ruda, iniciar\u00e1 la Feria del Libro en Ca\u00e1 Cat\u00ed"},"content":{"rendered":"\n<p>Esta edici\u00f3n, la lengua guaran\u00ed ser\u00e1 eje identitario del m\u00e1ximo encuentro editorial del interior provincial. La primera jornada se centrar\u00e1 en la revalorizaci\u00f3n de la lengua guaran\u00ed. Una nutrida delegaci\u00f3n paraguaya compartir\u00e1 su experiencia. La conferencia inaugural abordar\u00e1 el legado guaran\u00ed-jesu\u00edtico; mientras que la UNNE presentar\u00e1 sus trabajos sobre la presencia actual del guaran\u00ed en la localidad. Tambi\u00e9n se abordar\u00e1n tem\u00e1ticas hist\u00f3ricas y de derechos humanos, como el papel de mujeres destacadas del siglo XIX y las violaciones durante la \u00faltima dictadura militar. El cierre del d\u00eda estar\u00e1 a cargo de la presentaci\u00f3n de la tercera Antolog\u00eda Po\u00e9tica de &#8220;P\u00e1jaro de Tinta&#8221; y una noche musical con artistas de Paraguay.<\/p>\n\n\n\n<p>La segunda jornada, s\u00e1bado 2 de agosto, combinar\u00e1 naturaleza, literatura, arte y medios. Habr\u00e1 una charla sobre aves locales, una presentaci\u00f3n anticipada del libro sobre la cocina correntina, y espacios dedicados a la narrativa y la ficci\u00f3n. La jornada final estar\u00e1 marcada por la presentaci\u00f3n de un libro sobre la tradicional celebraci\u00f3n &#8220;\u00c1ngeles Somos&#8221; y otro de narraciones de pueblo de una escritora local. El arte contempor\u00e1neo tambi\u00e9n tendr\u00e1 un espacio \u00fanico: el &#8220;Refugio de Artistas&#8221; a orillas del Estero Santa Luc\u00eda. El cierre incluir\u00e1 referencias al chamam\u00e9, el r\u00edo Paran\u00e1 y el Iber\u00e1, s\u00edmbolos de la identidad regional.<\/p>\n","protected":false},"excerpt":{"rendered":"<p>Esta edici\u00f3n, la lengua guaran\u00ed ser\u00e1 eje identitario del m\u00e1ximo encuentro editorial del interior provincial. La primera jornada se centrar\u00e1 en la revalorizaci\u00f3n de la lengua guaran\u00ed. Una nutrida delegaci\u00f3n&hellip; <\/p>\n","protected":false},"author":1,"featured_media":219266,"comment_status":"closed","ping_status":"open","sticky":false,"template":"","format":"standard","meta":{"footnotes":""},"categories":[22],"tags":[],"class_list":["post-219265","post","type-post","status-publish","format-standard","has-post-thumbnail","hentry","category-eventos"],"_links":{"self":[{"href":"https:\/\/corrientesdetarde.com\/index.php\/wp-json\/wp\/v2\/posts\/219265","targetHints":{"allow":["GET"]}}],"collection":[{"href":"https:\/\/corrientesdetarde.com\/index.php\/wp-json\/wp\/v2\/posts"}],"about":[{"href":"https:\/\/corrientesdetarde.com\/index.php\/wp-json\/wp\/v2\/types\/post"}],"author":[{"embeddable":true,"href":"https:\/\/corrientesdetarde.com\/index.php\/wp-json\/wp\/v2\/users\/1"}],"replies":[{"embeddable":true,"href":"https:\/\/corrientesdetarde.com\/index.php\/wp-json\/wp\/v2\/comments?post=219265"}],"version-history":[{"count":1,"href":"https:\/\/corrientesdetarde.com\/index.php\/wp-json\/wp\/v2\/posts\/219265\/revisions"}],"predecessor-version":[{"id":219267,"href":"https:\/\/corrientesdetarde.com\/index.php\/wp-json\/wp\/v2\/posts\/219265\/revisions\/219267"}],"wp:featuredmedia":[{"embeddable":true,"href":"https:\/\/corrientesdetarde.com\/index.php\/wp-json\/wp\/v2\/media\/219266"}],"wp:attachment":[{"href":"https:\/\/corrientesdetarde.com\/index.php\/wp-json\/wp\/v2\/media?parent=219265"}],"wp:term":[{"taxonomy":"category","embeddable":true,"href":"https:\/\/corrientesdetarde.com\/index.php\/wp-json\/wp\/v2\/categories?post=219265"},{"taxonomy":"post_tag","embeddable":true,"href":"https:\/\/corrientesdetarde.com\/index.php\/wp-json\/wp\/v2\/tags?post=219265"}],"curies":[{"name":"wp","href":"https:\/\/api.w.org\/{rel}","templated":true}]}}