{"id":219345,"date":"2025-07-28T14:22:18","date_gmt":"2025-07-28T17:22:18","guid":{"rendered":"https:\/\/corrientesdetarde.com\/?p=219345"},"modified":"2025-07-28T14:22:22","modified_gmt":"2025-07-28T17:22:22","slug":"locomotora-oliveras-tuvo-una-evolucion-respiratoria-clave-e-intensifican-los-trabajos-de-kinesioterapia","status":"publish","type":"post","link":"https:\/\/corrientesdetarde.com\/index.php\/deportes\/locomotora-oliveras-tuvo-una-evolucion-respiratoria-clave-e-intensifican-los-trabajos-de-kinesioterapia\/","title":{"rendered":"\u201cLocomotora\u201d Oliveras tuvo una evoluci\u00f3n respiratoria clave e intensifican los trabajos de kinesioterapia"},"content":{"rendered":"\n<p>La exboxeadora, de 47 a\u00f1os, permanece internada en terapia intensiva tras haber sufrido un ACV isqu\u00e9mico.<\/p>\n\n\n\n<p>La exboxeadora\u00a0<strong>Alejandra \u201cLocomotora\u201d Oliveras\u00a0<\/strong>permanece internada hace 13 d\u00edas por un ACV isqu\u00e9mico en el Hospital Cullen de Santa Fe. Este lunes se conoci\u00f3 un nuevo parte de su estado de salud y los m\u00e9dicos confirmaron que \u201crespira con menor asistencia mec\u00e1nica\u201d y \u201cmantiene estabilidad neurol\u00f3gica\u201d tras la traqueotom\u00eda.<\/p>\n\n\n\n<p>\u201c<strong>La paciente ha logrado realizar respiraciones espont\u00e1neas con menor soporte del respirador, algo clave en este proceso<\/strong>\u201d, explic\u00f3 el m\u00e9dico&nbsp;<strong>N\u00e9stor Carrizo<\/strong>, jefe de terapia intensiva.<\/p>\n\n\n\n<p>La traqueotom\u00eda realizada el viernes fue exitosa y favoreci\u00f3 el avance en la desvinculaci\u00f3n del respirador.<\/p>\n\n\n\n<figure class=\"wp-block-image\"><img decoding=\"async\" src=\"https:\/\/tn.com.ar\/resizer\/v2\/controlan-minuto-a-minuto-a-la-ex-boxeadora-despues-de-sufrir-un-acv-isquemico-WLIZ3DY5TRGPRL2LGN4B2WF3WU.jpeg?auth=8f60ea73fab32914a6702348cf9b9376f07bda553a9962e4e7f1bcddc3cbbd72&amp;width=767\" alt=\"Controlan minuto a minuto a la ex boxeadora despu\u00e9s de sufrir un ACV isqu\u00e9mico.\"\/><figcaption class=\"wp-element-caption\">Controlan minuto a minuto a la ex boxeadora despu\u00e9s de sufrir un ACV isqu\u00e9mico.<\/figcaption><\/figure>\n\n\n\n<h2 class=\"wp-block-heading\">Parte m\u00e9dico alentador: Oliveras est\u00e1 estable<\/h2>\n\n\n\n<p>Desde el punto de vista neurol\u00f3gico, Oliveras presenta apertura ocular y responde a \u00f3rdenes motoras simples con el lado derecho del cuerpo.&nbsp;<strong>\u201cEso indica estabilidad y conservaci\u00f3n de funciones neurol\u00f3gicas b\u00e1sicas<\/strong>\u201d, a\u00f1adi\u00f3 Carrizo.<\/p>\n\n\n\n<p>Si bien la recuperaci\u00f3n contin\u00faa siendo fr\u00e1gil y la exboxeadora permanece en cuidados intensivos, el riesgo de muerte disminuy\u00f3.<\/p>\n\n\n\n<p>Los pr\u00f3ximos pasos estar\u00e1n enfocados en consolidar la independencia respiratoria, intensificar la kinesioterapia y reducir de forma progresiva los medicamentos de soporte.<\/p>\n\n\n\n<p>Tambi\u00e9n se eval\u00faa su estado vascular, aunque cualquier intervenci\u00f3n en la arteria comprometida deber\u00e1 esperar.<\/p>\n","protected":false},"excerpt":{"rendered":"<p>La exboxeadora, de 47 a\u00f1os, permanece internada en terapia intensiva tras haber sufrido un ACV isqu\u00e9mico. La exboxeadora\u00a0Alejandra \u201cLocomotora\u201d Oliveras\u00a0permanece internada hace 13 d\u00edas por un ACV isqu\u00e9mico en el&hellip; <\/p>\n","protected":false},"author":8,"featured_media":219346,"comment_status":"closed","ping_status":"open","sticky":false,"template":"","format":"standard","meta":{"footnotes":""},"categories":[4],"tags":[],"class_list":["post-219345","post","type-post","status-publish","format-standard","has-post-thumbnail","hentry","category-deportes"],"_links":{"self":[{"href":"https:\/\/corrientesdetarde.com\/index.php\/wp-json\/wp\/v2\/posts\/219345","targetHints":{"allow":["GET"]}}],"collection":[{"href":"https:\/\/corrientesdetarde.com\/index.php\/wp-json\/wp\/v2\/posts"}],"about":[{"href":"https:\/\/corrientesdetarde.com\/index.php\/wp-json\/wp\/v2\/types\/post"}],"author":[{"embeddable":true,"href":"https:\/\/corrientesdetarde.com\/index.php\/wp-json\/wp\/v2\/users\/8"}],"replies":[{"embeddable":true,"href":"https:\/\/corrientesdetarde.com\/index.php\/wp-json\/wp\/v2\/comments?post=219345"}],"version-history":[{"count":1,"href":"https:\/\/corrientesdetarde.com\/index.php\/wp-json\/wp\/v2\/posts\/219345\/revisions"}],"predecessor-version":[{"id":219347,"href":"https:\/\/corrientesdetarde.com\/index.php\/wp-json\/wp\/v2\/posts\/219345\/revisions\/219347"}],"wp:featuredmedia":[{"embeddable":true,"href":"https:\/\/corrientesdetarde.com\/index.php\/wp-json\/wp\/v2\/media\/219346"}],"wp:attachment":[{"href":"https:\/\/corrientesdetarde.com\/index.php\/wp-json\/wp\/v2\/media?parent=219345"}],"wp:term":[{"taxonomy":"category","embeddable":true,"href":"https:\/\/corrientesdetarde.com\/index.php\/wp-json\/wp\/v2\/categories?post=219345"},{"taxonomy":"post_tag","embeddable":true,"href":"https:\/\/corrientesdetarde.com\/index.php\/wp-json\/wp\/v2\/tags?post=219345"}],"curies":[{"name":"wp","href":"https:\/\/api.w.org\/{rel}","templated":true}]}}