{"id":219354,"date":"2025-07-28T14:49:47","date_gmt":"2025-07-28T17:49:47","guid":{"rendered":"https:\/\/corrientesdetarde.com\/?p=219354"},"modified":"2025-07-28T14:49:51","modified_gmt":"2025-07-28T17:49:51","slug":"la-candidata-comunista-a-presidenta-de-chile-cruzo-a-milei-tendra-que-hablar-con-esta-zurda","status":"publish","type":"post","link":"https:\/\/corrientesdetarde.com\/index.php\/internacionales\/la-candidata-comunista-a-presidenta-de-chile-cruzo-a-milei-tendra-que-hablar-con-esta-zurda\/","title":{"rendered":"La candidata comunista a presidenta de Chile cruz\u00f3 a Milei: \u201cTendr\u00e1 que hablar con esta zurda\u201d"},"content":{"rendered":"\n<p>La tradicional Democracia Cristiana anunci\u00f3 su respaldo a la abanderada de la izquierda chilena. Las elecciones presidenciales se realizar\u00e1n el 16 de noviembre.<\/p>\n\n\n\n<p>La candidata presidencial oficialista de\u00a0<strong>Chile<\/strong>, la comunista\u00a0Jeanette Jara, desaf\u00edo a\u00a0<strong>Javier Milei\u00a0<\/strong>y dijo que, bajo su hipot\u00e9tico gobierno, ambos pa\u00edses deber\u00e1n mantener un \u201cdi\u00e1logo diplom\u00e1tico\u201d m\u00e1s all\u00e1 de pertenecer a ideolog\u00edas enfrentadas. \u201c<strong>Va a tener que hablar con esta zurda<\/strong>\u201d, afirm\u00f3.<\/p>\n\n\n\n<p>\u201cNo ten\u00eda idea de que (Milei) tambi\u00e9n hab\u00eda hecho esa definici\u00f3n. Bueno, aqu\u00ed va a tener que hablar con esta \u2018zurda de m&#8230;\u2019 porque si \u00e9l quiere a su pa\u00eds como yo quiero al m\u00edo, y somos vecinos,<strong>&nbsp;vamos a tener que efectivamente mantener el di\u00e1logo diplom\u00e1tico que corresponda<\/strong>\u201d, dijo la dirigente comunista al diario&nbsp;<em>El Pa\u00eds<\/em>, de Espa\u00f1a.<\/p>\n\n\n\n<p>Jara gan\u00f3 las elecciones internas de la izquierda chilena celebradas el 29 de junio por sobre la exministra del Interior, Carolina Toha.<\/p>\n\n\n\n<p>Las elecciones presidenciales se realizar\u00e1n el 16 de noviembre.<\/p>\n\n\n\n<h2 class=\"wp-block-heading\">La democracia cristiana respalda a Jeanette Jara<\/h2>\n\n\n\n<p>En tanto, el Partido Dem\u00f3crata Cristiano de Chile (DC) anunci\u00f3 su apoyo en las pr\u00f3ximas elecciones a Jara, en una decisi\u00f3n que dividi\u00f3 a su militancia y provoc\u00f3 la renuncia de su presidente,&nbsp;<strong>Alberto Undurraga<\/strong>.<\/p>\n\n\n\n<p>\u201cAgradezco sinceramente el respaldo de la DC a esta candidatura. S\u00e9 que el camino reci\u00e9n comienza, y asumo con humildad la tarea de ganarme el coraz\u00f3n y la confianza del pueblo democratacristiano. Este no es solo un acuerdo pol\u00edtico, es un compromiso con un Chilem\u00e1s justo y unido\u201d, public\u00f3 Jara en sus redes tras conocerse la noticia.<\/p>\n\n\n\n<figure class=\"wp-block-image\"><img decoding=\"async\" src=\"https:\/\/tn.com.ar\/resizer\/v2\/jeanette-jara-desafia-a-javier-milei-foto-reuterspablo-sanhueza-XMGRGYJVAKCDN5VFMUJPEVTWHM.jpg?auth=ff332d0781f03eb7aff1456be4558abd7985a399b0bb54bdaf209b356440e3b5&amp;width=767\" alt=\"Jeanette Jara desaf\u00eda a Javier Milei (Foto. REUTERS\/Pablo Sanhueza)\"\/><\/figure>\n\n\n\n<p>Tras la decisi\u00f3n de los democristianos, un hist\u00f3rico partido de centro que actualmente est\u00e1 en la oposici\u00f3n, Jara se convierte en la primera candidata presidencial comunista en representar al conjunto de la izquierda y la centro-izquierda chilena.<\/p>\n\n\n\n<p>Adem\u00e1s del apoyo a Jara, que se defini\u00f3 por 167 votos a favor y 97 en contra, la junta nacional de la DC aprob\u00f3 hacer una lista \u00fanica parlamentaria con los partidos gubernamentales de cara a las elecciones legislativas que se celebrar\u00e1n en la misma votaci\u00f3n del 16 de noviembre.<\/p>\n\n\n\n<p>El presidente,&nbsp;<strong>Gabriel Boric<\/strong>, gobierna desde marzo de 2022 gracias a una coalici\u00f3n entre dos bloques: Acuerdo Dignidad, integrado por el Frente Amplio, donde milita el mandatario, y el Partido Comunista; y Socialismo Democr\u00e1tico, del que forman parte los grandes partidos de la socialdemocracia chilena, como el Partido Socialista o el Partido por la Democracia, entre otros.<\/p>\n\n\n\n<p>Ahora, para la carrera presidencial, un nuevo pacto sumar\u00e1 a la DC junto a estos dos bloques.<\/p>\n\n\n\n<p>Jara, que por ahora lidera las \u00faltimas encuestas, enfrentar\u00e1 la primera vuelta presidencial de noviembre contra la candidata de la derecha tradicional, la alcaldesa<strong>&nbsp;Evelyn Matthei<\/strong>, y los ultraderechistas&nbsp;<strong>Johannes Kaiser<\/strong>&nbsp;y&nbsp;<strong>Jos\u00e9 Antonio Kast<\/strong>.<\/p>\n","protected":false},"excerpt":{"rendered":"<p>La tradicional Democracia Cristiana anunci\u00f3 su respaldo a la abanderada de la izquierda chilena. Las elecciones presidenciales se realizar\u00e1n el 16 de noviembre. La candidata presidencial oficialista de\u00a0Chile, la comunista\u00a0Jeanette&hellip; <\/p>\n","protected":false},"author":8,"featured_media":219355,"comment_status":"closed","ping_status":"open","sticky":false,"template":"","format":"standard","meta":{"footnotes":""},"categories":[11],"tags":[],"class_list":["post-219354","post","type-post","status-publish","format-standard","has-post-thumbnail","hentry","category-internacionales"],"_links":{"self":[{"href":"https:\/\/corrientesdetarde.com\/index.php\/wp-json\/wp\/v2\/posts\/219354","targetHints":{"allow":["GET"]}}],"collection":[{"href":"https:\/\/corrientesdetarde.com\/index.php\/wp-json\/wp\/v2\/posts"}],"about":[{"href":"https:\/\/corrientesdetarde.com\/index.php\/wp-json\/wp\/v2\/types\/post"}],"author":[{"embeddable":true,"href":"https:\/\/corrientesdetarde.com\/index.php\/wp-json\/wp\/v2\/users\/8"}],"replies":[{"embeddable":true,"href":"https:\/\/corrientesdetarde.com\/index.php\/wp-json\/wp\/v2\/comments?post=219354"}],"version-history":[{"count":1,"href":"https:\/\/corrientesdetarde.com\/index.php\/wp-json\/wp\/v2\/posts\/219354\/revisions"}],"predecessor-version":[{"id":219356,"href":"https:\/\/corrientesdetarde.com\/index.php\/wp-json\/wp\/v2\/posts\/219354\/revisions\/219356"}],"wp:featuredmedia":[{"embeddable":true,"href":"https:\/\/corrientesdetarde.com\/index.php\/wp-json\/wp\/v2\/media\/219355"}],"wp:attachment":[{"href":"https:\/\/corrientesdetarde.com\/index.php\/wp-json\/wp\/v2\/media?parent=219354"}],"wp:term":[{"taxonomy":"category","embeddable":true,"href":"https:\/\/corrientesdetarde.com\/index.php\/wp-json\/wp\/v2\/categories?post=219354"},{"taxonomy":"post_tag","embeddable":true,"href":"https:\/\/corrientesdetarde.com\/index.php\/wp-json\/wp\/v2\/tags?post=219354"}],"curies":[{"name":"wp","href":"https:\/\/api.w.org\/{rel}","templated":true}]}}