{"id":219357,"date":"2025-07-28T14:52:32","date_gmt":"2025-07-28T17:52:32","guid":{"rendered":"https:\/\/corrientesdetarde.com\/?p=219357"},"modified":"2025-07-28T14:52:36","modified_gmt":"2025-07-28T17:52:36","slug":"la-preocupacion-de-marcelo-gallardo-por-la-lesion-de-maxi-salas-en-river-no-vamos-a-anticiparnos","status":"publish","type":"post","link":"https:\/\/corrientesdetarde.com\/index.php\/deportes\/la-preocupacion-de-marcelo-gallardo-por-la-lesion-de-maxi-salas-en-river-no-vamos-a-anticiparnos\/","title":{"rendered":"La preocupaci\u00f3n de Marcelo Gallardo por la lesi\u00f3n de Maxi Salas en River: \u201cNo vamos a anticiparnos\u201d"},"content":{"rendered":"\n<p>El entrenador del Millonario habl\u00f3 en conferencia de prensa y puntualiz\u00f3 sobre la salud del delantero que tuvo que ser reemplazado en el primer tiempo contra San Lorenzo.<\/p>\n\n\n\n<p><strong>River empat\u00f3 0-0 contra San Lorenzo<\/strong>, en la tercera fecha del Torneo Clausura 2025, y dej\u00f3 el Monumental con signos de preocupaci\u00f3n por\u00a0<strong>la lesi\u00f3n de Maximiliano Salas<\/strong>. El delantero fue reemplazado en el primer tiempo y se realizar\u00e1 estudios este lunes antes de conocerse el parte m\u00e9dico oficial.<\/p>\n\n\n\n<p>Sobre esto habl\u00f3&nbsp;<strong>Marcelo Gallardo&nbsp;<\/strong>en conferencia de prensa tras el cl\u00e1sico contra el Cicl\u00f3n. El DT, con cautela, eligi\u00f3 aguardar a los ex\u00e1menes. \u201cEsperemos que no sea nada de gravedad.&nbsp;<strong>No vamos a anticiparnos hasta que no le hagan los estudios ma\u00f1ana\u201d<\/strong>, dijo el Mu\u00f1eco.<\/p>\n\n\n\n<p>El primer diagn\u00f3stico que se le hizo al ex Racing en el Monumental arroj\u00f3 un&nbsp;<strong>esguince de rodilla&nbsp;<\/strong>que demandar\u00e1 varias semanas de recuperaci\u00f3n. Sin embargo, los estudios que se har\u00e1 este lunes en la cl\u00ednica indicar\u00e1n la gravedad de la lesi\u00f3n y los plazos de recuperaci\u00f3n correspondientes.<\/p>\n\n\n\n<p>Por otro lado, acerca de las lesiones que afectaron a River en el \u00faltimo tiempo,&nbsp;<strong>Gallardo confirm\u00f3 que Sebasti\u00e1n Driussi recibir\u00e1 el alta m\u00e9dica esta semana&nbsp;<\/strong>y podr\u00eda participar del partido del pr\u00f3ximo s\u00e1bado ante San Mart\u00edn de Tucum\u00e1n por Copa Argentina.<\/p>\n\n\n\n<h2 class=\"wp-block-heading\">Las frases m\u00e1s destacadas de Marcelo Gallardo en conferencia de prensa<\/h2>\n\n\n\n<figure class=\"wp-block-image\"><img decoding=\"async\" src=\"https:\/\/tn.com.ar\/resizer\/v2\/marcelo-gallardo-foto-fotobaires-SVGW24LVWZFLVPUX4N4XSVIASY.jpg?auth=495fbff9e733449173dcbd7393b2216099917413f893e269adc91326d6c520cf&amp;width=767\" alt=\"Marcelo Gallardo. (Foto: Fotobaires)\"\/><\/figure>\n\n\n\n<ul class=\"wp-block-list\">\n<li><strong>El an\u00e1lisis del partido<\/strong>: \u201cFue un partido en el que el equipo que hiciera el gol, iba a ganar. San Lorenzo es un equipo duro y fuerte. No hubo grandes chances y se jug\u00f3 con agresividad, no hab\u00eda mucho tiempo para pensar. No estuvimos finos desde el juego, pero el equipo estuvo presente fisica y mentalmente\u201d.<\/li>\n\n\n\n<li><strong>El debut de Mat\u00edas Galarza Fonda:\u00a0<\/strong>\u201cYo lo hab\u00eda visto bien y es un jugador que nosotros necesit\u00e1bamos. Tiene presencia f\u00edsica y futbol\u00edstica. No le peso para nada jugar hoy ante un duro rival y con toda nuestra gente. Decid\u00ed ponerlo porque estaba esperando poder contar con \u00e9l\u201d.<\/li>\n\n\n\n<li><strong>El regreso de Quintero a River:<\/strong>\u00a0\u201cJuanfer nos puede dar ese freno, esa creatividad, piensa en los inicios del ataque&#8230; nos da esa pausa que siempre nos viene bien. Esperamos que se ponga bien para poder potenciar al equipo\u201d.<\/li>\n\n\n\n<li><strong>El r\u00e9cord negativo de los 0-0 en el torneo:\u00a0<\/strong>\u201cEsperemos que sea solo una fecha de mala racha. Este fin de semana vi mucho f\u00fatbol y observ\u00e9 cierta tendencia a no perder, a cuidar el resultado. No es bueno para el espect\u00e1culo que haya tantos resultados de este tipo, no es atractivo\u201d.<\/li>\n<\/ul>\n","protected":false},"excerpt":{"rendered":"<p>El entrenador del Millonario habl\u00f3 en conferencia de prensa y puntualiz\u00f3 sobre la salud del delantero que tuvo que ser reemplazado en el primer tiempo contra San Lorenzo. River empat\u00f3&hellip; <\/p>\n","protected":false},"author":8,"featured_media":219358,"comment_status":"closed","ping_status":"open","sticky":false,"template":"","format":"standard","meta":{"footnotes":""},"categories":[4],"tags":[],"class_list":["post-219357","post","type-post","status-publish","format-standard","has-post-thumbnail","hentry","category-deportes"],"_links":{"self":[{"href":"https:\/\/corrientesdetarde.com\/index.php\/wp-json\/wp\/v2\/posts\/219357","targetHints":{"allow":["GET"]}}],"collection":[{"href":"https:\/\/corrientesdetarde.com\/index.php\/wp-json\/wp\/v2\/posts"}],"about":[{"href":"https:\/\/corrientesdetarde.com\/index.php\/wp-json\/wp\/v2\/types\/post"}],"author":[{"embeddable":true,"href":"https:\/\/corrientesdetarde.com\/index.php\/wp-json\/wp\/v2\/users\/8"}],"replies":[{"embeddable":true,"href":"https:\/\/corrientesdetarde.com\/index.php\/wp-json\/wp\/v2\/comments?post=219357"}],"version-history":[{"count":1,"href":"https:\/\/corrientesdetarde.com\/index.php\/wp-json\/wp\/v2\/posts\/219357\/revisions"}],"predecessor-version":[{"id":219359,"href":"https:\/\/corrientesdetarde.com\/index.php\/wp-json\/wp\/v2\/posts\/219357\/revisions\/219359"}],"wp:featuredmedia":[{"embeddable":true,"href":"https:\/\/corrientesdetarde.com\/index.php\/wp-json\/wp\/v2\/media\/219358"}],"wp:attachment":[{"href":"https:\/\/corrientesdetarde.com\/index.php\/wp-json\/wp\/v2\/media?parent=219357"}],"wp:term":[{"taxonomy":"category","embeddable":true,"href":"https:\/\/corrientesdetarde.com\/index.php\/wp-json\/wp\/v2\/categories?post=219357"},{"taxonomy":"post_tag","embeddable":true,"href":"https:\/\/corrientesdetarde.com\/index.php\/wp-json\/wp\/v2\/tags?post=219357"}],"curies":[{"name":"wp","href":"https:\/\/api.w.org\/{rel}","templated":true}]}}