{"id":219363,"date":"2025-07-28T15:00:33","date_gmt":"2025-07-28T18:00:33","guid":{"rendered":"https:\/\/corrientesdetarde.com\/?p=219363"},"modified":"2025-07-28T15:00:38","modified_gmt":"2025-07-28T18:00:38","slug":"el-gobierno-espera-que-trump-habilite-a-los-argentinos-a-entrar-sin-visa-a-ee-uu-antes-del-mundial-de-2026","status":"publish","type":"post","link":"https:\/\/corrientesdetarde.com\/index.php\/politica\/el-gobierno-espera-que-trump-habilite-a-los-argentinos-a-entrar-sin-visa-a-ee-uu-antes-del-mundial-de-2026\/","title":{"rendered":"El Gobierno espera que Trump habilite a los argentinos a entrar sin visa a EE.UU. antes del Mundial de 2026"},"content":{"rendered":"\n<p>Fuentes oficiales aseguraron que el proceso es largo, y que la Argentina deber\u00e1 cumplir altos est\u00e1ndares internacionales en sus procedimientos migratorios antes de que se concrete la medida.<\/p>\n\n\n\n<p><a href=\"https:\/\/tn.com.ar\/autor\/Josefina-Godoy-Martinez\/\"><\/a><\/p>\n\n\n\n<p>Este lunes, la\u00a0<strong>Argentina\u00a0y\u00a0Estados Unidos<\/strong>\u00a0firmaron una carta de entendimiento para que los argentinos puedan ingresar a ese pa\u00eds\u00a0<strong>sin necesidad de tramitar la\u00a0visa.\u00a0<\/strong>Seg\u00fan pudo saber\u00a0, en Casa Rosada esperan que la medida se concrete antes del\u00a0<strong>Mundial 2026.<\/strong><\/p>\n\n\n\n<p>El director de Cooperaci\u00f3n Internacional del Ministerio de Seguridad, Alberto F\u00f6hrig, sostuvo que&nbsp;<strong>-aunque no hay certezas-<\/strong>&nbsp;tiene expectativa de que la nueva manera de ingresar a Estados Unidos&nbsp;<strong>este vigente el a\u00f1o que viene.<\/strong>&nbsp;Sus declaraciones fueron en di\u00e1logo con la prensa acreditada de la sede de Gobierno, donde asegur\u00f3&nbsp;<strong>que cerca de 1.200.000 argentinos viajan todos los a\u00f1os a EE.UU.<\/strong><\/p>\n\n\n\n<p>La noticia se da a conocer tras la visita de\u00a0<strong>Kristi Noem,\u00a0<\/strong>la secretaria del Departamento de Seguridad de Estados Unidos, a la Argentina. La funcionaria de\u00a0Donald Trump\u00a0se reuni\u00f3 con<strong>\u00a0Patricia Bullrich<\/strong>, la ministra de Seguridad, y luego con\u00a0<strong>Javier Milei.<\/strong><\/p>\n\n\n\n<figure class=\"wp-block-image\"><img decoding=\"async\" src=\"https:\/\/tn.com.ar\/resizer\/v2\/kristi-noem-la-secretaria-del-departamento-de-seguridad-de-estados-unidos-y-patricia-bullrich-la-ministra-de-seguridad-ap-fotoalex-brandon-pool-FUA3HJW3WXRRTFJITUOCUXRUIU.jpg?auth=1ecfdea270cd632d7e083d5107f6692c89c2d82ec7b82b1620d954fee1e15ea9&amp;width=767\" alt=\"Kristi Noem, la secretaria del Departamento de Seguridad de Estados Unidos, y Patricia Bullrich, la ministra de Seguridad.  (AP Foto\/Alex Brandon, Pool)\"\/><\/figure>\n\n\n\n<p>Durante su encuentro con la ministra, ambas se comprometieron a un&nbsp;<strong>memorando de cooperaci\u00f3n en materia de seguridad<\/strong>. \u201cReforzamos la cooperaci\u00f3n para identificar&nbsp;<strong>pr\u00f3fugos, combatir el narcotr\u00e1fico y blindar nuestras fronteras<\/strong>. Alianza estrat\u00e9gica con valores comunes. Libertad, orden y seguridad\u201d, escribi\u00f3 Bullrich en&nbsp;<em>X<\/em>.<\/p>\n\n\n\n<p>Luego, Noem se encontr\u00f3 finalmente con Milei. De esa reuni\u00f3n tambi\u00e9n participaron Bullrich y el canciller Gerardo Werthein.<\/p>\n\n\n\n<h2 class=\"wp-block-heading\">La Argentina comenz\u00f3 el proceso para que los argentinos ingresen a EE.UU. sin visa<\/h2>\n\n\n\n<p>En ese momento se confirm\u00f3, tal como adelant\u00f3\u00a0, que el Gobierno quiere ingresar al Programa de Exenci\u00f3n de Visa (Visa Waiver Program). Este tr\u00e1mite permite a los ciudadanos ingresar al territorio estadounidense con\u00a0una autorizaci\u00f3n electr\u00f3nica que tiene una vigencia de dos a\u00f1os. Sin embargo, la persona que la utilice solo podr\u00e1 estar\u00a0<strong>90 d\u00edas consecutivos cada vez que viaje.<\/strong><\/p>\n\n\n\n<figure class=\"wp-block-image\"><img decoding=\"async\" src=\"https:\/\/tn.com.ar\/resizer\/v2\/el-gobierno-comenzo-el-proceso-para-que-los-argentinos-puedan-viajar-a-estados-unidos-sin-necesidad-de-una-visa-foto-de-archivo-reuters-JHB4ZQS6RRDPDA5RSTZOS5T24E.jfif?auth=34021107da30728bff6d2154c3fd263de213e34c1d9b5e1762b09b2135c3cee8&amp;width=767\" alt=\"El Gobierno comenz\u00f3 el proceso para que los argentinos puedan viajar a Estados Unidos sin necesidad de una visa. (Foto de archivo: Reuters)\"\/><\/figure>\n\n\n\n<p>A pesar de ello, en el Gobierno advirtieron que el&nbsp;<strong>proceso ser\u00e1 largo.<\/strong>&nbsp;Es decir, llevar\u00e1 un tiempo cumplir con todos los est\u00e1ndares internacionales que se requieren para aplicar al programa.<\/p>\n\n\n\n<p>Entre las condiciones que se necesitan figuran fortalecer la&nbsp;<strong>seguridad fronteriza de la Argentina<\/strong>, incorporar&nbsp;<strong>pasaportes electr\u00f3nicos<\/strong>,&nbsp;<strong>sistemas biom\u00e9tricos<\/strong>&nbsp;y un&nbsp;<strong>control migratorio avanzado.<\/strong><\/p>\n\n\n\n<p>Adem\u00e1s de la exenci\u00f3n de la visa, en el Ejecutivo ven con buenos ojos la posibilidad de que los argentinos puedan realizar los tr\u00e1mites de Migraciones y Aduana en el pa\u00eds antes de ir a Estados Unidos. No obstante, fuentes de Balcarce 50 indicaron que por ahora&nbsp;<strong>no est\u00e1n negociando esas medidas.<\/strong><\/p>\n\n\n\n<p><\/p>\n","protected":false},"excerpt":{"rendered":"<p>Fuentes oficiales aseguraron que el proceso es largo, y que la Argentina deber\u00e1 cumplir altos est\u00e1ndares internacionales en sus procedimientos migratorios antes de que se concrete la medida. Este lunes,&hellip; <\/p>\n","protected":false},"author":8,"featured_media":219364,"comment_status":"closed","ping_status":"open","sticky":false,"template":"","format":"standard","meta":{"footnotes":""},"categories":[3],"tags":[],"class_list":["post-219363","post","type-post","status-publish","format-standard","has-post-thumbnail","hentry","category-politica"],"_links":{"self":[{"href":"https:\/\/corrientesdetarde.com\/index.php\/wp-json\/wp\/v2\/posts\/219363","targetHints":{"allow":["GET"]}}],"collection":[{"href":"https:\/\/corrientesdetarde.com\/index.php\/wp-json\/wp\/v2\/posts"}],"about":[{"href":"https:\/\/corrientesdetarde.com\/index.php\/wp-json\/wp\/v2\/types\/post"}],"author":[{"embeddable":true,"href":"https:\/\/corrientesdetarde.com\/index.php\/wp-json\/wp\/v2\/users\/8"}],"replies":[{"embeddable":true,"href":"https:\/\/corrientesdetarde.com\/index.php\/wp-json\/wp\/v2\/comments?post=219363"}],"version-history":[{"count":1,"href":"https:\/\/corrientesdetarde.com\/index.php\/wp-json\/wp\/v2\/posts\/219363\/revisions"}],"predecessor-version":[{"id":219365,"href":"https:\/\/corrientesdetarde.com\/index.php\/wp-json\/wp\/v2\/posts\/219363\/revisions\/219365"}],"wp:featuredmedia":[{"embeddable":true,"href":"https:\/\/corrientesdetarde.com\/index.php\/wp-json\/wp\/v2\/media\/219364"}],"wp:attachment":[{"href":"https:\/\/corrientesdetarde.com\/index.php\/wp-json\/wp\/v2\/media?parent=219363"}],"wp:term":[{"taxonomy":"category","embeddable":true,"href":"https:\/\/corrientesdetarde.com\/index.php\/wp-json\/wp\/v2\/categories?post=219363"},{"taxonomy":"post_tag","embeddable":true,"href":"https:\/\/corrientesdetarde.com\/index.php\/wp-json\/wp\/v2\/tags?post=219363"}],"curies":[{"name":"wp","href":"https:\/\/api.w.org\/{rel}","templated":true}]}}