{"id":219366,"date":"2025-07-28T15:04:08","date_gmt":"2025-07-28T18:04:08","guid":{"rendered":"https:\/\/corrientesdetarde.com\/?p=219366"},"modified":"2025-07-28T15:04:12","modified_gmt":"2025-07-28T18:04:12","slug":"la-inesperada-reaccion-de-pampita-cuando-le-pidieron-que-vuelva-con-benjamin-vicuna","status":"publish","type":"post","link":"https:\/\/corrientesdetarde.com\/index.php\/espectaculos\/la-inesperada-reaccion-de-pampita-cuando-le-pidieron-que-vuelva-con-benjamin-vicuna\/","title":{"rendered":"La inesperada reacci\u00f3n de Pampita cuando le pidieron que vuelva con Benjam\u00edn Vicu\u00f1a"},"content":{"rendered":"\n<p>A casi diez a\u00f1os de la separaci\u00f3n, la modelo qued\u00f3 expuesta por un comentario en redes.<\/p>\n\n\n\n<p><strong>Pampita<\/strong> sorprendi\u00f3 con su reacci\u00f3n despu\u00e9s de que una usuaria le pidiera que volviera con\u00a0<strong>Benjam\u00edn Vicu\u00f1a.<\/strong><\/p>\n\n\n\n<p>La modelo disfruta de unas vacaciones en Ibiza y en sus redes sociales comparte fotos de su estad\u00eda. En las \u00faltimas horas, public\u00f3 un carrusel dejando ver su \u201cmodo relax total\u201d.<\/p>\n\n\n\n<figure class=\"wp-block-image\"><img decoding=\"async\" src=\"https:\/\/tn.com.ar\/resizer\/v2\/la-inesperada-reaccion-de-pampita-cuando-le-pidieron-que-volviera-con-benjamin-vicuna-foto-x-elejercitodelam-IKYCDBEAQZE4RK7XMOMZ54YZUQ.png?auth=7b35720921837a4dfdea1742a724aeef061211385dd8a1c4ef7c1af33dd29641&amp;width=767\" alt=\"La inesperada reacci\u00f3n de Pampita cuando le pidieron que volviera con Benjam\u00edn Vicu\u00f1a (Foto: X \/elejercitodelam)\"\/><\/figure>\n\n\n\n<p>Entre elogios y halagos, hubo una usuaria que coment\u00f3:&nbsp;<strong>\u201cVolv\u00e9 con Vicu\u00f1a, por fa. Te amamos\u201d.<\/strong>&nbsp;Lo llamativo fue que la modelo&nbsp;<strong>le dio \u201cme gusta\u201d al mensaje<\/strong>&nbsp;y, por supuesto, el gesto no pas\u00f3 inadvertido entre sus m\u00e1s de 8 millones de seguidores de Instagram.<\/p>\n\n\n\n<figure class=\"wp-block-image\"><img decoding=\"async\" src=\"https:\/\/tn.com.ar\/resizer\/v2\/pampita-en-redes-foto-instagram-sqpoficial-CQE7I4YOVBDM7DYWTHRH5GXOTI.png?auth=206a4c90ee189bf92624daae33eba2c8a6231dfab9280e62ece0a235ce2e5b81&amp;width=767\" alt=\"Pampita en redes. (Foto: Instagram \/sqp_oficial)\"\/><\/figure>\n\n\n\n<p><strong>\u201cPara m\u00ed solo ley\u00f3 \u2018te amamos\u2019 y por eso like\u00f3. Pas\u00f3 mucha agua bajo el puente\u201d<\/strong>,&nbsp;<strong>\u201cPampita siempre likea los comentarios que tiene en sus post, no flashen\u201d<\/strong>, fueron algunos de los comentarios que m\u00e1s se repitieron.<\/p>\n\n\n\n<p>Incluso hubo quienes se mostraron en desacuerdo con el pedido.&nbsp;<strong>\u201c\u00bfQu\u00e9 le pasa a la gente pidiendo que vuelva con Benjam\u00edn? No entendieron nada&#8221;<\/strong>&nbsp;y \u201cJajaja&nbsp;<strong>La odian a Pampita para decirle que vuelva con Vicu\u00f1a<\/strong>&nbsp;que la c&#8230; con todo lo que se le cruz\u00f3. A m\u00ed no me cae bien, pero nunca desear\u00eda que vuelva con el chileno\u201d, lanzaron sin filtros.<\/p>\n\n\n\n<h2 class=\"wp-block-heading\">Aseguran que Pampita y Mart\u00edn Pepa se separaron por una tercera en discordia: los detalles que se filtraron<\/h2>\n\n\n\n<p><strong>Pampita<\/strong> y\u00a0<strong>Mart\u00edn Pepa<\/strong> se separaron tras ocho meses de relaci\u00f3n. Luego de que se conociera la informaci\u00f3n, no tardaron en surgir todo tipo de\u00a0<strong>rumores y especulaciones en torno a la ruptura.<\/strong><\/p>\n\n\n\n<p>\u201cVoy a contar lo que habl\u00e9 con mi fuente.&nbsp;<strong>S\u00ed, habr\u00eda una tercera persona en discordia, una mujer que no es conocida<\/strong>\u201d, dijo Pepe Ochoa este lunes al aire de&nbsp;<em>SQP&nbsp;<\/em>(<em>Am\u00e9rica<\/em>).<\/p>\n\n\n\n<figure class=\"wp-block-image\"><img decoding=\"async\" src=\"https:\/\/tn.com.ar\/resizer\/v2\/en-la-imagen-martin-pepa-abraza-a-pampita-mostrando-la-complicidad-y-felicidad-de-la-pareja-foto-instagram-martinpepa1-2FIZQHP4BRHJLJ53SPYUY5KRPU.jpg?auth=1c26164a748c84f85a109dc1f8a78c730637cd03afd9fcd6ab94e9139be4d3d0&amp;width=767\" alt=\"En la imagen, Mart\u00edn Pepa abraza a Pampita, mostrando la complicidad y felicidad de la pareja. (Foto: Instagram \/martinpepa1)\"\/><\/figure>\n\n\n\n<p>Acto seguido, se\u00f1al\u00f3: \u201cMart\u00edn Pepa es parte de una empresa. Tiene un patr\u00f3n donde trabajan con los caballos. Y&nbsp;<strong>estar\u00eda zonceando hace tiempo con una compa\u00f1era de esa empresa<\/strong>\u201d.<\/p>\n\n\n\n<p>\u201cToda la empresa tiene el dato. Entonces Pampita cuando fue para all\u00e1&#8230; Lo que me cuentan es que&nbsp;<strong>\u00e9l se la intent\u00f3 sacar de encima a Pampita&#8230; La intent\u00f3 limpiar y Pampita, ni lerda ni perezosa, se habr\u00eda enterado de este tema\u201d,&nbsp;<\/strong>asegur\u00f3 Ochoa.<\/p>\n\n\n\n<p>Horas antes, al aire de&nbsp;<em>Mujeres Argentinas&nbsp;<\/em>(<em>eltrece<\/em>), el periodista Gustavo M\u00e9ndez dijo que fue el polista quien le puso el punto final a la relaci\u00f3n, que fue a trav\u00e9s de un llamado telef\u00f3nico y que el motivo habr\u00eda sido la distancia.<\/p>\n\n\n\n<p>\u201cNo hay terceros en discordia, \u00e9l<strong>&nbsp;ya estar\u00eda haciendo vida de soltero<\/strong>\u201d, detall\u00f3 el periodista sobre el presente del polista. Y agreg\u00f3: \u201cA m\u00ed me dijeron que&nbsp;<strong>ella no se quer\u00eda separar<\/strong>&nbsp;y que incluso propon\u00eda hacer m\u00e1s viajes juntos\u201d.<\/p>\n","protected":false},"excerpt":{"rendered":"<p>A casi diez a\u00f1os de la separaci\u00f3n, la modelo qued\u00f3 expuesta por un comentario en redes. Pampita sorprendi\u00f3 con su reacci\u00f3n despu\u00e9s de que una usuaria le pidiera que volviera&hellip; <\/p>\n","protected":false},"author":8,"featured_media":219367,"comment_status":"closed","ping_status":"open","sticky":false,"template":"","format":"standard","meta":{"footnotes":""},"categories":[19],"tags":[],"class_list":["post-219366","post","type-post","status-publish","format-standard","has-post-thumbnail","hentry","category-espectaculos"],"_links":{"self":[{"href":"https:\/\/corrientesdetarde.com\/index.php\/wp-json\/wp\/v2\/posts\/219366","targetHints":{"allow":["GET"]}}],"collection":[{"href":"https:\/\/corrientesdetarde.com\/index.php\/wp-json\/wp\/v2\/posts"}],"about":[{"href":"https:\/\/corrientesdetarde.com\/index.php\/wp-json\/wp\/v2\/types\/post"}],"author":[{"embeddable":true,"href":"https:\/\/corrientesdetarde.com\/index.php\/wp-json\/wp\/v2\/users\/8"}],"replies":[{"embeddable":true,"href":"https:\/\/corrientesdetarde.com\/index.php\/wp-json\/wp\/v2\/comments?post=219366"}],"version-history":[{"count":1,"href":"https:\/\/corrientesdetarde.com\/index.php\/wp-json\/wp\/v2\/posts\/219366\/revisions"}],"predecessor-version":[{"id":219368,"href":"https:\/\/corrientesdetarde.com\/index.php\/wp-json\/wp\/v2\/posts\/219366\/revisions\/219368"}],"wp:featuredmedia":[{"embeddable":true,"href":"https:\/\/corrientesdetarde.com\/index.php\/wp-json\/wp\/v2\/media\/219367"}],"wp:attachment":[{"href":"https:\/\/corrientesdetarde.com\/index.php\/wp-json\/wp\/v2\/media?parent=219366"}],"wp:term":[{"taxonomy":"category","embeddable":true,"href":"https:\/\/corrientesdetarde.com\/index.php\/wp-json\/wp\/v2\/categories?post=219366"},{"taxonomy":"post_tag","embeddable":true,"href":"https:\/\/corrientesdetarde.com\/index.php\/wp-json\/wp\/v2\/tags?post=219366"}],"curies":[{"name":"wp","href":"https:\/\/api.w.org\/{rel}","templated":true}]}}