{"id":219369,"date":"2025-07-28T15:35:44","date_gmt":"2025-07-28T18:35:44","guid":{"rendered":"https:\/\/corrientesdetarde.com\/?p=219369"},"modified":"2025-07-28T15:35:57","modified_gmt":"2025-07-28T18:35:57","slug":"donald-trump-dijo-que-creara-centros-de-distribucion-de-alimentos-en-gaza-hay-hambre","status":"publish","type":"post","link":"https:\/\/corrientesdetarde.com\/index.php\/internacionales\/donald-trump-dijo-que-creara-centros-de-distribucion-de-alimentos-en-gaza-hay-hambre\/","title":{"rendered":"Donald Trump dijo que crear\u00e1 centros de distribuci\u00f3n de alimentos en Gaza: \u201cHay hambre\u201d"},"content":{"rendered":"\n<p>Las principales ONG israel\u00edes, B\u2019Tselem y M\u00e9dicos por los Derechos Humanos, afirmaron que Israel est\u00e1 cometiendo un \u201cgenocidio\u201d en el enclave palestino.<\/p>\n\n\n\n<p>El presidente de Estados Unidos,&nbsp;<strong>Donald Trump<\/strong>, anunci\u00f3 este lunes que crear\u00e1 centros de distribuci\u00f3n de alimentos en la Franja de Gaza, donde dijo que hay se\u00f1ales de \u201c<strong>verdadera hambre<\/strong>\u201d.<\/p>\n\n\n\n<p>Mientras tanto, las agencias internacionales empezaron a distribuir ayuda en el territorio palestino tras la\u00a0pausa limitada de las hostilidades\u00a0anunciada por Israel el domingo.<\/p>\n\n\n\n<p>Pero el ej\u00e9rcito israel\u00ed continu\u00f3 su ofensiva fuera de las horas y zonas cubiertas por la pausa, seg\u00fan&nbsp;<em>AFP<\/em>. La Defensa Civil inform\u00f3 de 54 muertes por fuego israel\u00ed y bombardeos en el enclave palestino devastado por m\u00e1s de 22 meses de conflicto.<\/p>\n\n\n\n<p>En las \u00faltimas semanas la ONU y ONG\u2019s alertaron por el riesgo de hambre generalizada entre los m\u00e1s de dos millones de habitantes de la Franja de Gaza asediada por Israel, donde la guerra estall\u00f3 tras un ataque brutal del movimiento islamista palestino Hamas el 7 de octubre de 2023.<\/p>\n\n\n\n<p>\u201c<strong>Queremos dar comida a los ni\u00f1os (&#8230;) hay verdadera hambre<\/strong>\u201d, dijo el presidente estadounidense.<\/p>\n\n\n\n<h2 class=\"wp-block-heading\">\u201cNo habr\u00e1 vallas\u201d<\/h2>\n\n\n\n<p>El mandatario republicano anunci\u00f3 la creaci\u00f3n de centros de distribuci\u00f3n de alimentos donde \u201cla gente pueda entrar libremente, sin l\u00edmites. No habr\u00e1n vallas\u201d, expres\u00f3 en Escocia, donde se reuni\u00f3 con el primer ministro brit\u00e1nico,&nbsp;<strong>Keir Starmer<\/strong>.<\/p>\n\n\n\n<p>Alemania, por su parte, anunci\u00f3 que organizar\u00e1 un puente a\u00e9reo humanitario a Gaza junto con Jordania.<\/p>\n\n\n\n<figure class=\"wp-block-image\"><img decoding=\"async\" src=\"https:\/\/tn.com.ar\/resizer\/v2\/la-poblacion-palestina-atraviesa-una-gravisima-situacion-humanitaria-foto-reuters-IQFHR5AHYNF3HKPKPMI2MLANN4.jfif?auth=8c835097b3807dbd63d437263113ddebfbcfdc712b472a63d79974cf8a1c5d01&amp;width=767\" alt=\"La poblaci\u00f3n palestina atraviesa una grav\u00edsima situaci\u00f3n humanitaria (Foto: Reuters)\"\/><\/figure>\n\n\n\n<p>La ONU y varias organizaciones humanitarias distribuyeron comida despu\u00e9s de que por primera vez en meses&nbsp;<strong>120 camiones cargados con ayuda cruzaran el fronterizo paso de Rafah<\/strong>, que conduce al sur del territorio palestino desde Egipto, seg\u00fan Israel.<\/p>\n\n\n\n<p>Los lanzamientos de ayuda humanitaria sobre Gaza tambi\u00e9n se reanudaron el domingo ante la esperanzada mirada de muchos palestinos que miraban al cielo en busca de paraca\u00eddas.<\/p>\n\n\n\n<p>Ante la fuerte presi\u00f3n internacional por el desastre humanitario en Gaza, Israel anunci\u00f3 el domingo una una pausa diaria en los combates, entre las 10:00 y las 20:00, en varios sectores. Pero no especific\u00f3 cu\u00e1nto durar\u00eda.<\/p>\n\n\n\n<p>A finales de mayo, Israel levant\u00f3 muy parcialmente el bloqueo total impuesto a la Franja en marzo, que llev\u00f3 a graves carencias de alimentos, medicamentos y otros bienes de primera necesidad y a un riesgo de hambre generalizada, seg\u00fan la ONU y diferentes oeneg\u00e9s, entre sus m\u00e1s de dos millones de habitantes.<\/p>\n\n\n\n<p>La Organizaci\u00f3n Mundial de la Salud afirm\u00f3 el domingo que la desnutrici\u00f3n est\u00e1 alcanzando \u201cniveles alarmantes\u201d en el territorio. De las 63 muertes relacionadas con la desnutrici\u00f3n en julio, 24 eran ni\u00f1os menores de cinco a\u00f1os. Israel, que controla todos los accesos a Gaza, niega cualquier bloqueo de la ayuda y acusa a Ham\u00e1s de saquear los cargamentos y a las organizaciones humanitarias de no distribuirlos.<\/p>\n\n\n\n<h2 class=\"wp-block-heading\">Dos ONG israel\u00edes denunciaron \u201cgenocidio\u201d<\/h2>\n\n\n\n<p>En tanto, las principales oeneg\u00e9s israel\u00edes, B\u2019Tselem y M\u00e9dicos por los Derechos Humanos, afirmaron el lunes que Israel est\u00e1 cometiendo un \u201c<strong>genocidio<\/strong>\u201d en la Franja de Gaza, seg\u00fan sus propias investigaciones.<\/p>\n\n\n\n<p>\u201cNada te prepara para darte cuenta de que eres parte de una sociedad que comete genocidio. Este es un momento profundamente doloroso para nosotros,\u201d dijo la directora ejecutiva de B\u2019Tselem,&nbsp;<strong>Yuli Novak<\/strong>, en un comunicado publicado en paralelo a una conferencia de prensa en Jerusal\u00e9n.<\/p>\n\n\n\n<p>El informe de su organizaci\u00f3n, una instituci\u00f3n con m\u00e1s de 35 a\u00f1os de antig\u00fcedad, recopila un estudio de testimonios, estad\u00edsticas y acontecimientos de la pol\u00edtica israel\u00ed durante \u201cm\u00e1s de 20 meses\u201d.<\/p>\n\n\n\n<p>\u201cEl an\u00e1lisis de la pol\u00edtica israel\u00ed en la Franja de Gaza y sus terribles consecuencias, as\u00ed como las declaraciones de altos responsables pol\u00edticos y militares israel\u00edes sobre los objetivos del ataque, nos llevan a la&nbsp;<strong>conclusi\u00f3n inequ\u00edvoca de que Israel est\u00e1 llevando a cabo una acci\u00f3n coordinada destinada a destruir intencionadamente la sociedad palestina en la Franja de Gaza<\/strong>\u201d, afirma esta investigaci\u00f3n.<\/p>\n\n\n\n<p>El informe de M\u00e9dicos por los Derechos Humanos Israel documenta lo que el grupo denomina \u201cla destrucci\u00f3n deliberada y sistem\u00e1tica del sistema sanitario de Gaza\u201d.<\/p>\n\n\n\n<p>El portavoz del Gobierno israel\u00ed,&nbsp;<strong>David Mencer<\/strong>, afirm\u00f3 el lunes que Israel \u201crechaza firmemente esta acusaci\u00f3n\u201d.<\/p>\n\n\n\n<p>\u201cNo tiene ning\u00fan sentido que enviemos 1,9 millones de toneladas de ayuda si hubiera una intenci\u00f3n de genocidio\u201d, dijo Mencer. \u201cNuestras fuerzas de defensa atacan a los terroristas y nunca a los civiles. Ham\u00e1s es responsable del sufrimiento en Gaza\u201d, agreg\u00f3.<\/p>\n\n\n\n<p>La Corte Penal Internacional (CPI), un tribunal permanente encargado de perseguir y juzgar a personas acusadas de genocidio, cr\u00edmenes contra la humanidad y cr\u00edmenes de guerra, emiti\u00f3 \u00f3rdenes de detenci\u00f3n contra el primer ministro israel\u00ed,&nbsp;<strong>Benjamin Netanyahu<\/strong>, y su exministro de Defensa,&nbsp;<strong>Yoav Gallant<\/strong>.<\/p>\n","protected":false},"excerpt":{"rendered":"<p>Las principales ONG israel\u00edes, B\u2019Tselem y M\u00e9dicos por los Derechos Humanos, afirmaron que Israel est\u00e1 cometiendo un \u201cgenocidio\u201d en el enclave palestino. El presidente de Estados Unidos,&nbsp;Donald Trump, anunci\u00f3 este&hellip; <\/p>\n","protected":false},"author":8,"featured_media":219370,"comment_status":"closed","ping_status":"open","sticky":false,"template":"","format":"standard","meta":{"footnotes":""},"categories":[11],"tags":[],"class_list":["post-219369","post","type-post","status-publish","format-standard","has-post-thumbnail","hentry","category-internacionales"],"_links":{"self":[{"href":"https:\/\/corrientesdetarde.com\/index.php\/wp-json\/wp\/v2\/posts\/219369","targetHints":{"allow":["GET"]}}],"collection":[{"href":"https:\/\/corrientesdetarde.com\/index.php\/wp-json\/wp\/v2\/posts"}],"about":[{"href":"https:\/\/corrientesdetarde.com\/index.php\/wp-json\/wp\/v2\/types\/post"}],"author":[{"embeddable":true,"href":"https:\/\/corrientesdetarde.com\/index.php\/wp-json\/wp\/v2\/users\/8"}],"replies":[{"embeddable":true,"href":"https:\/\/corrientesdetarde.com\/index.php\/wp-json\/wp\/v2\/comments?post=219369"}],"version-history":[{"count":1,"href":"https:\/\/corrientesdetarde.com\/index.php\/wp-json\/wp\/v2\/posts\/219369\/revisions"}],"predecessor-version":[{"id":219371,"href":"https:\/\/corrientesdetarde.com\/index.php\/wp-json\/wp\/v2\/posts\/219369\/revisions\/219371"}],"wp:featuredmedia":[{"embeddable":true,"href":"https:\/\/corrientesdetarde.com\/index.php\/wp-json\/wp\/v2\/media\/219370"}],"wp:attachment":[{"href":"https:\/\/corrientesdetarde.com\/index.php\/wp-json\/wp\/v2\/media?parent=219369"}],"wp:term":[{"taxonomy":"category","embeddable":true,"href":"https:\/\/corrientesdetarde.com\/index.php\/wp-json\/wp\/v2\/categories?post=219369"},{"taxonomy":"post_tag","embeddable":true,"href":"https:\/\/corrientesdetarde.com\/index.php\/wp-json\/wp\/v2\/tags?post=219369"}],"curies":[{"name":"wp","href":"https:\/\/api.w.org\/{rel}","templated":true}]}}