{"id":219372,"date":"2025-07-28T15:39:15","date_gmt":"2025-07-28T18:39:15","guid":{"rendered":"https:\/\/corrientesdetarde.com\/?p=219372"},"modified":"2025-07-28T15:39:31","modified_gmt":"2025-07-28T18:39:31","slug":"javier-milei-informo-un-patrimonio-total-de-200-millones-un-departamento-dos-autos-y-ahorros-en-dolares","status":"publish","type":"post","link":"https:\/\/corrientesdetarde.com\/index.php\/politica\/javier-milei-informo-un-patrimonio-total-de-200-millones-un-departamento-dos-autos-y-ahorros-en-dolares\/","title":{"rendered":"Javier Milei inform\u00f3 un patrimonio total de $200 millones: un departamento, dos autos y ahorros en d\u00f3lares"},"content":{"rendered":"\n<p>El Presidente y su hermana presentaron los documentos ante la Oficina Anticorrupci\u00f3n.<\/p>\n\n\n\n<p>El presidente\u00a0<strong>Javier Milei<\/strong> y la secretaria de Presidencia,\u00a0<strong>Karina Milei,\u00a0<\/strong>presentaron este lunes la declaraci\u00f3n jurada ante la Oficina Anticorrupci\u00f3n.<\/p>\n\n\n\n<p>Javier Milei expuso ante la OA un patrimonio de&nbsp;<strong>$206.046.375,&nbsp;<\/strong>lo que implica que durante el per\u00edodo fiscal 2024 su fortuna creci\u00f3&nbsp;<strong>$80.405.484<\/strong>, dado que en el \u00faltimo informe -que cierra en diciembre de 2023- declar\u00f3 tener bienes por&nbsp;<strong>$125.650.891.<\/strong><\/p>\n\n\n\n<p>Por su parte, la hermana del Presidente declar\u00f3 un patrimonio de&nbsp;<strong>$11.401.021.&nbsp;<\/strong>Esta cifra implica un crecimiento de&nbsp;<strong>$3,5 millones&nbsp;<\/strong>respecto a su anterior declaraci\u00f3n.<\/p>\n\n\n\n<p>Lo curioso de la declaraci\u00f3n jurada del jefe de Estado es que&nbsp;<strong>en el \u00faltimo a\u00f1o no incorpor\u00f3 inmuebles<\/strong>: contin\u00faa con la misma propiedad declarada desde hace a\u00f1os.<\/p>\n\n\n\n<p>El inmueble es de 100 metros cuadrados, est\u00e1 ubicado en la Ciudad Aut\u00f3noma de Buenos Aires y&nbsp;<strong>es lo que m\u00e1s se revaloriz\u00f3 del per\u00edodo anterior a este<\/strong>: se declar\u00f3 con un valor de<strong>&nbsp;$38.419.071<\/strong>&nbsp;contra&nbsp;<strong>$13.657.100&nbsp;<\/strong>del per\u00edodo anterior.<\/p>\n\n\n\n<p>El\u00a0Presidente\u00a0declar\u00f3 que posee ahorros en d\u00f3lares<strong>: en efectivo tiene US$20.000\u00a0<\/strong>que, convertidos en moneda nacional, se volcaron en la Declaraci\u00f3n Jurada en 20.580.000 pesos.<\/p>\n\n\n\n<figure class=\"wp-block-image\"><img decoding=\"async\" src=\"https:\/\/tn.com.ar\/resizer\/v2\/la-hermana-del-presidente-declaro-un-patrimonio-de-11401021-foto-reuters-VEQVKDFXNKDQVFVZBTKIGKLCNY.jpg?auth=ca2b548729026f671bcf11f6866a1113d81898c0d74ad7e329dc3bbf521472ab&amp;width=767\" alt=\"La hermana del Presidente declar\u00f3 un patrimonio de $11.401.021. (Foto: Reuters).\"\/><\/figure>\n\n\n\n<p><strong>Milei tiene depositados en el pa\u00eds US$65.542,&nbsp;<\/strong>que se declararon en 67.443.222 pesos.<\/p>\n\n\n\n<p>El\u00a0Presidente\u00a0no declar\u00f3 tener deudas, y en su declaraci\u00f3n jurada tambi\u00e9n aport\u00f3 que tiene\u00a0<strong>dos veh\u00edculos por $36.427.800.<\/strong><\/p>\n\n\n\n<h2 class=\"wp-block-heading\">La declaraci\u00f3n juarda de Karina Milei<\/h2>\n\n\n\n<p>La hermana del Presidente, quien tuvo un rol clave en el armado pol\u00edtico libertario para las pr\u00f3ximas elecciones legislativas, tambi\u00e9n expuso su declaraci\u00f3n jurada ante la Oficina Anticorrupci\u00f3n.<\/p>\n\n\n\n<p>Karina Milei tuvo un incremento patrimonial mucho mayor que el de su hermano: por la reevaluaci\u00f3n de bienes&nbsp;<strong>casi triplic\u00f3 su patrimonio.<\/strong><\/p>\n\n\n\n<p>La secretaria General de la Presidencia&nbsp;<strong>declar\u00f3 bienes por $11.401.021&nbsp;<\/strong>contra los $3.548.270 pesos que hab\u00eda declarado en el per\u00edodo fiscal anterior.<\/p>\n\n\n\n<p>A diferencia de lo que declar\u00f3 el Presidente, su hermana<strong>&nbsp;no cuenta con d\u00f3lares ni en efectivo ni tampoco depositados en el pa\u00eds.<\/strong><\/p>\n\n\n\n<p>El principal activo de su patrimonio es un departamento de 150 metros cuadrados ubicado en Capital Federal, valuado en&nbsp;<strong>$3.992.825.<\/strong>&nbsp;El a\u00f1o anterior, esa misma propiedad ten\u00eda un valor de&nbsp;<strong>$1.833.559<\/strong>.<\/p>\n\n\n\n<p>Karina Milei tiene&nbsp;<strong>$4.260.081&nbsp;<\/strong>en una caja de ahorro y un&nbsp;<strong>cr\u00e9dito impositivo<\/strong>&nbsp;de poco m\u00e1s de $2,4 millones.<\/p>\n\n\n\n<p>La presentaci\u00f3n ante la Oficina Anticorrupci\u00f3n corresponde a\u00a0la obligaci\u00f3n que funcionarios, diputados, senadores, tienen cada a\u00f1o en dar cuenta de sus respectivos patrimonios.<\/p>\n","protected":false},"excerpt":{"rendered":"<p>El Presidente y su hermana presentaron los documentos ante la Oficina Anticorrupci\u00f3n. El presidente\u00a0Javier Milei y la secretaria de Presidencia,\u00a0Karina Milei,\u00a0presentaron este lunes la declaraci\u00f3n jurada ante la Oficina Anticorrupci\u00f3n.&hellip; <\/p>\n","protected":false},"author":8,"featured_media":219373,"comment_status":"closed","ping_status":"open","sticky":false,"template":"","format":"standard","meta":{"footnotes":""},"categories":[3],"tags":[],"class_list":["post-219372","post","type-post","status-publish","format-standard","has-post-thumbnail","hentry","category-politica"],"_links":{"self":[{"href":"https:\/\/corrientesdetarde.com\/index.php\/wp-json\/wp\/v2\/posts\/219372","targetHints":{"allow":["GET"]}}],"collection":[{"href":"https:\/\/corrientesdetarde.com\/index.php\/wp-json\/wp\/v2\/posts"}],"about":[{"href":"https:\/\/corrientesdetarde.com\/index.php\/wp-json\/wp\/v2\/types\/post"}],"author":[{"embeddable":true,"href":"https:\/\/corrientesdetarde.com\/index.php\/wp-json\/wp\/v2\/users\/8"}],"replies":[{"embeddable":true,"href":"https:\/\/corrientesdetarde.com\/index.php\/wp-json\/wp\/v2\/comments?post=219372"}],"version-history":[{"count":1,"href":"https:\/\/corrientesdetarde.com\/index.php\/wp-json\/wp\/v2\/posts\/219372\/revisions"}],"predecessor-version":[{"id":219374,"href":"https:\/\/corrientesdetarde.com\/index.php\/wp-json\/wp\/v2\/posts\/219372\/revisions\/219374"}],"wp:featuredmedia":[{"embeddable":true,"href":"https:\/\/corrientesdetarde.com\/index.php\/wp-json\/wp\/v2\/media\/219373"}],"wp:attachment":[{"href":"https:\/\/corrientesdetarde.com\/index.php\/wp-json\/wp\/v2\/media?parent=219372"}],"wp:term":[{"taxonomy":"category","embeddable":true,"href":"https:\/\/corrientesdetarde.com\/index.php\/wp-json\/wp\/v2\/categories?post=219372"},{"taxonomy":"post_tag","embeddable":true,"href":"https:\/\/corrientesdetarde.com\/index.php\/wp-json\/wp\/v2\/tags?post=219372"}],"curies":[{"name":"wp","href":"https:\/\/api.w.org\/{rel}","templated":true}]}}