{"id":219408,"date":"2025-07-28T20:26:37","date_gmt":"2025-07-28T23:26:37","guid":{"rendered":"https:\/\/corrientesdetarde.com\/?p=219408"},"modified":"2025-07-28T20:30:29","modified_gmt":"2025-07-28T23:30:29","slug":"corrientes-registro-alta-ocupacion-turistica-durante-la-segunda-semana-del-receso-invernal","status":"publish","type":"post","link":"https:\/\/corrientesdetarde.com\/index.php\/turismo\/corrientes-registro-alta-ocupacion-turistica-durante-la-segunda-semana-del-receso-invernal\/","title":{"rendered":"Corrientes registr\u00f3 alta ocupaci\u00f3n tur\u00edstica durante la segunda semana del receso invernal"},"content":{"rendered":"\n<p>La Provincia de Corrientes vivi\u00f3 una destacada segunda semana del receso invernal, con un importante movimiento tur\u00edstico que se reflej\u00f3 en los elevados niveles de ocupaci\u00f3n registrados en distintos destinos del territorio con un 75% de ocupaci\u00f3n en promedio en todo el \u00e1mbito \u00a0provincial.<br><br>\u00a0<\/p>\n\n\n\n<figure class=\"wp-block-image size-large\"><img loading=\"lazy\" decoding=\"async\" width=\"1024\" height=\"679\" src=\"https:\/\/corrientesdetarde.com\/wp-content\/uploads\/2025\/07\/image-897-1024x679.png\" alt=\"\" class=\"wp-image-219416\" srcset=\"https:\/\/corrientesdetarde.com\/wp-content\/uploads\/2025\/07\/image-897-1024x679.png 1024w, https:\/\/corrientesdetarde.com\/wp-content\/uploads\/2025\/07\/image-897-300x199.png 300w, https:\/\/corrientesdetarde.com\/wp-content\/uploads\/2025\/07\/image-897-768x509.png 768w, https:\/\/corrientesdetarde.com\/wp-content\/uploads\/2025\/07\/image-897.png 1370w\" sizes=\"auto, (max-width: 1024px) 100vw, 1024px\" \/><\/figure>\n\n\n\n<p><\/p>\n\n\n\n<p>Entre el lunes 21 y el domingo 27 de julio, la provincia alcanz\u00f3 promedios de ocupaci\u00f3n que superaron el 80% en localidades como Colonia Carlos Pellegrini (96%), Concepci\u00f3n del Yaguaret\u00e9 Cor\u00e1 (84%), San Miguel (83%) y Gobernador Virasoro (75%), principalmente en los d\u00edas de semana. Durante el fin de semana (25 al 27 de julio), la tendencia positiva se mantuvo con altos porcentajes en Bella Vista (95%), San Miguel (85%) y Concepci\u00f3n (83%).<\/p>\n\n\n\n<p>El corredor tur\u00edstico \u201cGran Corrientes\u201d -que incluye a la Capital y localidades cercanas como Paso de la Patria, Itat\u00ed y Empedrado- tambi\u00e9n evidenci\u00f3 un significativo movimiento, alcanzando hasta el 48% de ocupaci\u00f3n en la ciudad de Corrientes durante el fin de semana.<br>Los motivos de viaje identificados incluyen principalmente el turismo vacacional, pero tambi\u00e9n se destacan razones como ecoturismo, turismo hist\u00f3rico &#8211; cultural, pesca deportiva y participaci\u00f3n en eventos particulares y sociales. Asimismo, se registr\u00f3 una estad\u00eda promedio de 3 a 4 noches, consolidando la tendencia a la pernoctaci\u00f3n extendida.<br>En cuanto a la procedencia, la mayor\u00eda de los visitantes llegaron desde las provincias de Buenos Aires, Chaco, Santa Fe, C\u00f3rdoba y Entre R\u00edos, sum\u00e1ndose tambi\u00e9n turistas internacionales provenientes de Paraguay, Brasil, Italia y Espa\u00f1a, lo que da cuenta del creciente posicionamiento de Corrientes como destino de inter\u00e9s tanto nacional como internacional.<\/p>\n\n\n\n<figure class=\"wp-block-image size-large\"><img loading=\"lazy\" decoding=\"async\" width=\"1024\" height=\"682\" src=\"https:\/\/corrientesdetarde.com\/wp-content\/uploads\/2025\/07\/image-899-1024x682.png\" alt=\"\" class=\"wp-image-219418\" srcset=\"https:\/\/corrientesdetarde.com\/wp-content\/uploads\/2025\/07\/image-899-1024x682.png 1024w, https:\/\/corrientesdetarde.com\/wp-content\/uploads\/2025\/07\/image-899-300x200.png 300w, https:\/\/corrientesdetarde.com\/wp-content\/uploads\/2025\/07\/image-899-768x512.png 768w, https:\/\/corrientesdetarde.com\/wp-content\/uploads\/2025\/07\/image-899.png 1363w\" sizes=\"auto, (max-width: 1024px) 100vw, 1024px\" \/><\/figure>\n\n\n\n<p>En tal sentido, los corredores tur\u00edsticos con mejores desempe\u00f1os fueron:&nbsp;regi\u00f3n Esteros del Iber\u00e1, con un promedio de ocupaci\u00f3n del 82%,&nbsp;regi\u00f3n Solar de las Huellas (78%); corredor Jesu\u00edtico Guaran\u00ed (61%) y corredor Paran\u00e1 Sur (57%). Estas cifras reflejan el impacto positivo de las estrategias de promoci\u00f3n tur\u00edstica y la valorizaci\u00f3n de los atractivos naturales, culturales y gastron\u00f3micos de Corrientes.<\/p>\n\n\n\n<p>Al respecto, la ministra de Turismo Alejandra Eliciri manifest\u00f3: &#8220;El balance es altamente positivo. Estos datos del Observatorio Tur\u00edstico no solo confirman el inter\u00e9s que despierta Corrientes como destino de invierno, sino tambi\u00e9n la consolidaci\u00f3n de circuitos emergentes y la diversificaci\u00f3n de la oferta tur\u00edstica en todo el territorio provincial&#8221;.<br>El movimiento tur\u00edstico sostenido durante estas vacaciones fortalece la econom\u00eda local, dinamiza los servicios tur\u00edsticos y renueva el compromiso del sector p\u00fablico y privado por seguir posicionando a Corrientes como un destino de excelencia durante todo el a\u00f1o.<\/p>\n\n\n\n<figure class=\"wp-block-image size-large\"><img loading=\"lazy\" decoding=\"async\" width=\"1024\" height=\"680\" src=\"https:\/\/corrientesdetarde.com\/wp-content\/uploads\/2025\/07\/image-900-1024x680.png\" alt=\"\" class=\"wp-image-219419\" srcset=\"https:\/\/corrientesdetarde.com\/wp-content\/uploads\/2025\/07\/image-900-1024x680.png 1024w, https:\/\/corrientesdetarde.com\/wp-content\/uploads\/2025\/07\/image-900-300x199.png 300w, https:\/\/corrientesdetarde.com\/wp-content\/uploads\/2025\/07\/image-900-768x510.png 768w, https:\/\/corrientesdetarde.com\/wp-content\/uploads\/2025\/07\/image-900.png 1364w\" sizes=\"auto, (max-width: 1024px) 100vw, 1024px\" \/><\/figure>\n","protected":false},"excerpt":{"rendered":"<p>La Provincia de Corrientes vivi\u00f3 una destacada segunda semana del receso invernal, con un importante movimiento tur\u00edstico que se reflej\u00f3 en los elevados niveles de ocupaci\u00f3n registrados en distintos destinos&hellip; <\/p>\n","protected":false},"author":4,"featured_media":219434,"comment_status":"closed","ping_status":"open","sticky":false,"template":"","format":"standard","meta":{"footnotes":""},"categories":[31],"tags":[],"class_list":["post-219408","post","type-post","status-publish","format-standard","has-post-thumbnail","hentry","category-turismo"],"_links":{"self":[{"href":"https:\/\/corrientesdetarde.com\/index.php\/wp-json\/wp\/v2\/posts\/219408","targetHints":{"allow":["GET"]}}],"collection":[{"href":"https:\/\/corrientesdetarde.com\/index.php\/wp-json\/wp\/v2\/posts"}],"about":[{"href":"https:\/\/corrientesdetarde.com\/index.php\/wp-json\/wp\/v2\/types\/post"}],"author":[{"embeddable":true,"href":"https:\/\/corrientesdetarde.com\/index.php\/wp-json\/wp\/v2\/users\/4"}],"replies":[{"embeddable":true,"href":"https:\/\/corrientesdetarde.com\/index.php\/wp-json\/wp\/v2\/comments?post=219408"}],"version-history":[{"count":1,"href":"https:\/\/corrientesdetarde.com\/index.php\/wp-json\/wp\/v2\/posts\/219408\/revisions"}],"predecessor-version":[{"id":219433,"href":"https:\/\/corrientesdetarde.com\/index.php\/wp-json\/wp\/v2\/posts\/219408\/revisions\/219433"}],"wp:featuredmedia":[{"embeddable":true,"href":"https:\/\/corrientesdetarde.com\/index.php\/wp-json\/wp\/v2\/media\/219434"}],"wp:attachment":[{"href":"https:\/\/corrientesdetarde.com\/index.php\/wp-json\/wp\/v2\/media?parent=219408"}],"wp:term":[{"taxonomy":"category","embeddable":true,"href":"https:\/\/corrientesdetarde.com\/index.php\/wp-json\/wp\/v2\/categories?post=219408"},{"taxonomy":"post_tag","embeddable":true,"href":"https:\/\/corrientesdetarde.com\/index.php\/wp-json\/wp\/v2\/tags?post=219408"}],"curies":[{"name":"wp","href":"https:\/\/api.w.org\/{rel}","templated":true}]}}