{"id":219413,"date":"2025-07-28T20:30:02","date_gmt":"2025-07-28T23:30:02","guid":{"rendered":"https:\/\/corrientesdetarde.com\/?p=219413"},"modified":"2025-07-29T08:49:53","modified_gmt":"2025-07-29T11:49:53","slug":"corrientes-registro-un-fuerte-movimiento-turistico-y-economico-en-las-vacaciones-de-invierno","status":"publish","type":"post","link":"https:\/\/corrientesdetarde.com\/index.php\/actualidad\/corrientes-registro-un-fuerte-movimiento-turistico-y-economico-en-las-vacaciones-de-invierno\/","title":{"rendered":"Corrientes registr\u00f3 un fuerte movimiento tur\u00edstico y econ\u00f3mico en las vacaciones de invierno"},"content":{"rendered":"\n<p><\/p>\n\n\n\n<p><em>El impacto econ\u00f3mico fue altamente positivo con un gasto promedio por visitante de cerca de 100 mil pesos por d\u00eda, lo que se traduce en un importante movimiento para los sectores hoteleros, gastron\u00f3micos, servicios tur\u00edsticos, comerciantes, emprendedores, entre otros.&nbsp;<\/em><\/p>\n\n\n\n<figure class=\"wp-block-embed is-type-video is-provider-youtube wp-block-embed-youtube wp-embed-aspect-16-9 wp-has-aspect-ratio\"><div class=\"wp-block-embed__wrapper\">\n<iframe loading=\"lazy\" title=\"Corrientes registr\u00f3 un fuerte movimiento tur\u00edstico y econ\u00f3mico en las vacaciones de invierno\" width=\"1110\" height=\"624\" src=\"https:\/\/www.youtube.com\/embed\/IRVasEsiIcA?feature=oembed\" frameborder=\"0\" allow=\"accelerometer; autoplay; clipboard-write; encrypted-media; gyroscope; picture-in-picture; web-share\" referrerpolicy=\"strict-origin-when-cross-origin\" allowfullscreen><\/iframe>\n<\/div><\/figure>\n\n\n\n<p>La ciudad de Corrientes registr\u00f3 un fuerte movimiento tur\u00edstico durante las dos semanas de receso invernal, con visitas de diferentes provincias, como as\u00ed tambi\u00e9n de otros pa\u00edses como Brasil, Paraguay y Europa. La ocupaci\u00f3n hotelera super\u00f3 el 60% y el impacto econ\u00f3mico fue altamente positivo con un gasto promedio por visitante de cerca de 100 mil pesos por d\u00eda. Los visitantes se vieron atra\u00eddos por m\u00faltiples eventos, playas gratuitas y actividades al aire libre.<br><br>El subsecretario de Turismo, H\u00e9ctor Oscar D\u00e1vila, calific\u00f3 como &#8220;muy positivo el balance\u201d del receso invernal por el flujo tur\u00edstico registrado a lo largo de las \u00faltimas semanas de julio. El funcionario se\u00f1al\u00f3 que &#8220;estas vacaciones de invierno tuvimos much\u00edsima oferta para los turistas, incluyendo propuestas al aire libre, acompa\u00f1ando tanto a la C\u00e1mara de Cerveceros Artesanales como a nuestros j\u00f3venes emprendedores de K-Anim\u00e9, siendo parte de los eventos provinciales, como la Feria Provincial del Libro&#8221;.<br><br><\/p>\n\n\n\n<figure class=\"wp-block-image size-large\"><img loading=\"lazy\" decoding=\"async\" width=\"1024\" height=\"681\" src=\"https:\/\/corrientesdetarde.com\/wp-content\/uploads\/2025\/07\/image-903-1024x681.png\" alt=\"\" class=\"wp-image-219435\" srcset=\"https:\/\/corrientesdetarde.com\/wp-content\/uploads\/2025\/07\/image-903-1024x681.png 1024w, https:\/\/corrientesdetarde.com\/wp-content\/uploads\/2025\/07\/image-903-300x200.png 300w, https:\/\/corrientesdetarde.com\/wp-content\/uploads\/2025\/07\/image-903-768x511.png 768w, https:\/\/corrientesdetarde.com\/wp-content\/uploads\/2025\/07\/image-903.png 1243w\" sizes=\"auto, (max-width: 1024px) 100vw, 1024px\" \/><\/figure>\n\n\n\n<p>En cuanto a la ocupaci\u00f3n hotelera, D\u00e1vila inform\u00f3 que se cerr\u00f3 cerca del 60%, con un ligero aumento en la segunda semana, donde &#8220;hubo m\u00e1s\u00a0gente&#8221;. &#8220;La primera semana se caracteriz\u00f3 por much\u00edsimo movimiento de la regi\u00f3n, por los eventos masivos que se hicieron en conjunto con la provincia&#8221;, agreg\u00f3, en referencia a la exitosa Feria Provincial del Libro, que atrajo a miles de personas.<br><br>Adem\u00e1s, destac\u00f3 la llegada de visitantes de diferentes provincias del NEA, Paraguay, Brasil, e incluso algunos de Europa. A su vez, indic\u00f3 que los vuelos y colectivos que llegaron\u00a0a la ciudad capital lo hicieron totalmente llenos, lo cual es un buen indicador de la temporada. El subsecretario tambi\u00e9n se refiri\u00f3 al impacto econ\u00f3mico de las vacaciones de invierno, se\u00f1alando que el gasto promedio por visitante &#8220;sigue en 97 mil pesos, esto incluye alojamiento, gastos de comida y la compra de recuerdos&#8221;.<\/p>\n\n\n\n<figure class=\"wp-block-image size-large\"><img loading=\"lazy\" decoding=\"async\" width=\"1024\" height=\"665\" src=\"https:\/\/corrientesdetarde.com\/wp-content\/uploads\/2025\/07\/image-904-1024x665.png\" alt=\"\" class=\"wp-image-219436\" srcset=\"https:\/\/corrientesdetarde.com\/wp-content\/uploads\/2025\/07\/image-904-1024x665.png 1024w, https:\/\/corrientesdetarde.com\/wp-content\/uploads\/2025\/07\/image-904-300x195.png 300w, https:\/\/corrientesdetarde.com\/wp-content\/uploads\/2025\/07\/image-904-768x499.png 768w, https:\/\/corrientesdetarde.com\/wp-content\/uploads\/2025\/07\/image-904.png 1251w\" sizes=\"auto, (max-width: 1024px) 100vw, 1024px\" \/><\/figure>\n\n\n\n<p><br><br>D\u00e1vila sostuvo que la decisi\u00f3n del intendente, Eduardo Tassano, de impulsar la apertura de las playas durante todo el a\u00f1o y que las temperaturas fueron agradables durante el tiempo de vacaciones, permiti\u00f3 que &#8220;mucha gente se acerque a disfrutar de los balnearios, porque el tiempo acompa\u00f1\u00f3 y algunos visitantes que no son de nuestra regi\u00f3n han podido optar por ba\u00f1arse&#8221;, al igual que disfrutar de la costanera capitalina.<br><br>Finalmente, D\u00e1vila afirm\u00f3 que Corrientes se afianza como un punto tur\u00edstico. &#8220;Tenemos puntos bisagras dentro de lo que es eventos, al tener un Centro de Convenciones de gran capacidad, nos han elegido much\u00edsimas empresas para hacer sus encuentros. Adem\u00e1s, estamos pronto a que una cadena internacional abra sus puertas en nuestra Costanera y eso nos posiciona como un punto trascendente dentro del NEA&#8221;, dijo.<\/p>\n\n\n\n<figure class=\"wp-block-image size-large\"><img loading=\"lazy\" decoding=\"async\" width=\"1024\" height=\"712\" src=\"https:\/\/corrientesdetarde.com\/wp-content\/uploads\/2025\/07\/image-905-1024x712.png\" alt=\"\" class=\"wp-image-219437\" srcset=\"https:\/\/corrientesdetarde.com\/wp-content\/uploads\/2025\/07\/image-905-1024x712.png 1024w, https:\/\/corrientesdetarde.com\/wp-content\/uploads\/2025\/07\/image-905-300x208.png 300w, https:\/\/corrientesdetarde.com\/wp-content\/uploads\/2025\/07\/image-905-768x534.png 768w, https:\/\/corrientesdetarde.com\/wp-content\/uploads\/2025\/07\/image-905.png 1203w\" sizes=\"auto, (max-width: 1024px) 100vw, 1024px\" \/><\/figure>\n","protected":false},"excerpt":{"rendered":"<p>El impacto econ\u00f3mico fue altamente positivo con un gasto promedio por visitante de cerca de 100 mil pesos por d\u00eda, lo que se traduce en un importante movimiento para los&hellip; <\/p>\n","protected":false},"author":4,"featured_media":219438,"comment_status":"closed","ping_status":"open","sticky":false,"template":"","format":"standard","meta":{"footnotes":""},"categories":[23,26],"tags":[],"class_list":["post-219413","post","type-post","status-publish","format-standard","has-post-thumbnail","hentry","category-actualidad","category-destacados"],"_links":{"self":[{"href":"https:\/\/corrientesdetarde.com\/index.php\/wp-json\/wp\/v2\/posts\/219413","targetHints":{"allow":["GET"]}}],"collection":[{"href":"https:\/\/corrientesdetarde.com\/index.php\/wp-json\/wp\/v2\/posts"}],"about":[{"href":"https:\/\/corrientesdetarde.com\/index.php\/wp-json\/wp\/v2\/types\/post"}],"author":[{"embeddable":true,"href":"https:\/\/corrientesdetarde.com\/index.php\/wp-json\/wp\/v2\/users\/4"}],"replies":[{"embeddable":true,"href":"https:\/\/corrientesdetarde.com\/index.php\/wp-json\/wp\/v2\/comments?post=219413"}],"version-history":[{"count":1,"href":"https:\/\/corrientesdetarde.com\/index.php\/wp-json\/wp\/v2\/posts\/219413\/revisions"}],"predecessor-version":[{"id":219439,"href":"https:\/\/corrientesdetarde.com\/index.php\/wp-json\/wp\/v2\/posts\/219413\/revisions\/219439"}],"wp:featuredmedia":[{"embeddable":true,"href":"https:\/\/corrientesdetarde.com\/index.php\/wp-json\/wp\/v2\/media\/219438"}],"wp:attachment":[{"href":"https:\/\/corrientesdetarde.com\/index.php\/wp-json\/wp\/v2\/media?parent=219413"}],"wp:term":[{"taxonomy":"category","embeddable":true,"href":"https:\/\/corrientesdetarde.com\/index.php\/wp-json\/wp\/v2\/categories?post=219413"},{"taxonomy":"post_tag","embeddable":true,"href":"https:\/\/corrientesdetarde.com\/index.php\/wp-json\/wp\/v2\/tags?post=219413"}],"curies":[{"name":"wp","href":"https:\/\/api.w.org\/{rel}","templated":true}]}}